{"id":21927,"date":"2020-03-15T12:35:24","date_gmt":"2020-03-15T12:35:24","guid":{"rendered":"https:\/\/szekacs.lutheran.hu\/iskola\/?p=21927"},"modified":"2020-09-23T12:25:55","modified_gmt":"2020-09-23T12:25:55","slug":"a-szekacs-iskola-tajekoztatoja","status":"publish","type":"post","link":"https:\/\/szekacs.lutheran.hu\/iskola\/a-szekacs-iskola-tajekoztatoja\/","title":{"rendered":"A Sz\u00e9k\u00e1cs iskola t\u00e1j\u00e9koztat\u00f3ja"},"content":{"rendered":"\n<p>Kedves Sz\u00fcl\u0151k! <br>Orb\u00e1n Viktor minisztereln\u00f6k p\u00e9ntek esti bejelent\u00e9se alapj\u00e1n m\u00e1rcius 16-t\u00f3l, h\u00e9tf\u0151t\u0151l tantermen k\u00edv\u00fcli digit\u00e1lis munkarend l\u00e9p \u00e9letbe az iskol\u00e1kban.  Ebben a munkarendben A DI\u00c1KOK NEM J\u00d6HETNEK ISKOL\u00c1BA, de a tan\u00edt\u00e1s digit\u00e1lis kapcsolattart\u00e1s form\u00e1j\u00e1ban folytat\u00f3dik. <\/p>\n\n\n\n<p>Iskol\u00e1nk vezet\u00e9se  \u00e9s pedag\u00f3gusai a lehet\u0151 leghamarabb igyekeznek kialak\u00edtani a digit\u00e1lis munkarend (gyakorlatilag t\u00e1voktat\u00e1s) form\u00e1it \u00e9s m\u00f3dszereit, amelyekr\u0151l  hamarosan t\u00e1j\u00e9koztat\u00e1st adunk. <br>Legfontosabb  k\u00e9r\u00e9s\u00fcnk a sz\u00fcl\u0151k fel\u00e9 jelen pillanatban az, hogy h\u00e9tf\u0151t\u0151l kezdve bizonytalan id\u0151re igyekezzenek megoldani gyermek\u00fck, gyermekeik fel\u00fcgyelet\u00e9t. <\/p>\n\n\n\n<p>Orosh\u00e1za, 2020. m\u00e1rcius 15.<\/p>\n\n\n\n<p>K\u00f6sz\u00f6nettel: Nagy R\u00f3bert int\u00e9zm\u00e9nyvezet\u0151 <\/p>\n","protected":false},"excerpt":{"rendered":"<p>Kedves Sz\u00fcl\u0151k! Orb\u00e1n Viktor minisztereln\u00f6k p\u00e9ntek esti bejelent\u00e9se alapj\u00e1n m\u00e1rcius 16-t\u00f3l, h\u00e9tf\u0151t\u0151l tantermen k\u00edv\u00fcli digit\u00e1lis munkarend l\u00e9p \u00e9letbe az iskol\u00e1kban&#8230;.<\/p>\n","protected":false},"author":1,"featured_media":21928,"comment_status":"closed","ping_status":"closed","sticky":false,"template":"","format":"standard","meta":{"footnotes":""},"categories":[42],"tags":[],"class_list":["post-21927","post","type-post","status-publish","format-standard","has-post-thumbnail","hentry","category-aktualis"],"yoast_head":"<!-- This site is optimized with the Yoast SEO plugin v26.2 - https:\/\/yoast.com\/wordpress\/plugins\/seo\/ -->\n<title>A Sz\u00e9k\u00e1cs iskola t\u00e1j\u00e9koztat\u00f3ja - Sz\u00e9k\u00e1cs J\u00f3zsef Evang\u00e9likus \u00d3voda, \u00c1ltal\u00e1nos Iskola \u00e9s Gimn\u00e1zium<\/title>\n<meta name=\"robots\" content=\"index, follow, max-snippet:-1, max-image-preview:large, max-video-preview:-1\" \/>\n<link rel=\"canonical\" href=\"https:\/\/szekacs.lutheran.hu\/iskola\/a-szekacs-iskola-tajekoztatoja\/\" \/>\n<meta property=\"og:locale\" content=\"hu_HU\" \/>\n<meta property=\"og:type\" content=\"article\" \/>\n<meta property=\"og:title\" content=\"A Sz\u00e9k\u00e1cs iskola t\u00e1j\u00e9koztat\u00f3ja - Sz\u00e9k\u00e1cs J\u00f3zsef Evang\u00e9likus \u00d3voda, \u00c1ltal\u00e1nos Iskola \u00e9s Gimn\u00e1zium\" \/>\n<meta property=\"og:description\" content=\"Kedves Sz\u00fcl\u0151k! Orb\u00e1n Viktor minisztereln\u00f6k p\u00e9ntek esti bejelent\u00e9se alapj\u00e1n m\u00e1rcius 16-t\u00f3l, h\u00e9tf\u0151t\u0151l tantermen k\u00edv\u00fcli digit\u00e1lis munkarend l\u00e9p \u00e9letbe az iskol\u00e1kban....\" \/>\n<meta property=\"og:url\" content=\"https:\/\/szekacs.lutheran.hu\/iskola\/a-szekacs-iskola-tajekoztatoja\/\" \/>\n<meta property=\"og:site_name\" content=\"Sz\u00e9k\u00e1cs J\u00f3zsef Evang\u00e9likus \u00d3voda, \u00c1ltal\u00e1nos Iskola \u00e9s Gimn\u00e1zium\" \/>\n<meta property=\"article:published_time\" content=\"2020-03-15T12:35:24+00:00\" \/>\n<meta property=\"article:modified_time\" content=\"2020-09-23T12:25:55+00:00\" \/>\n<meta property=\"og:image\" content=\"https:\/\/szekacs.lutheran.hu\/iskola\/wp-content\/uploads\/2020\/03\/T\u00e1j\u00e9koztat\u00e1s.png\" \/>\n\t<meta property=\"og:image:width\" content=\"1108\" \/>\n\t<meta property=\"og:image:height\" content=\"709\" \/>\n\t<meta property=\"og:image:type\" content=\"image\/png\" \/>\n<meta name=\"author\" content=\"admin\" \/>\n<meta name=\"twitter:card\" content=\"summary_large_image\" \/>\n<meta name=\"twitter:label1\" content=\"Szerz\u0151:\" \/>\n\t<meta name=\"twitter:data1\" content=\"admin\" \/>\n\t<meta name=\"twitter:label2\" content=\"Becs\u00fclt olvas\u00e1si id\u0151\" \/>\n\t<meta name=\"twitter:data2\" content=\"1 perc\" \/>\n<script type=\"application\/ld+json\" class=\"yoast-schema-graph\">{\"@context\":\"https:\/\/schema.org\",\"@graph\":[{\"@type\":\"WebPage\",\"@id\":\"https:\/\/szekacs.lutheran.hu\/iskola\/a-szekacs-iskola-tajekoztatoja\/\",\"url\":\"https:\/\/szekacs.lutheran.hu\/iskola\/a-szekacs-iskola-tajekoztatoja\/\",\"name\":\"A Sz\u00e9k\u00e1cs iskola t\u00e1j\u00e9koztat\u00f3ja - Sz\u00e9k\u00e1cs J\u00f3zsef Evang\u00e9likus \u00d3voda, \u00c1ltal\u00e1nos Iskola \u00e9s Gimn\u00e1zium\",\"isPartOf\":{\"@id\":\"https:\/\/szekacs.lutheran.hu\/iskola\/#website\"},\"primaryImageOfPage\":{\"@id\":\"https:\/\/szekacs.lutheran.hu\/iskola\/a-szekacs-iskola-tajekoztatoja\/#primaryimage\"},\"image\":{\"@id\":\"https:\/\/szekacs.lutheran.hu\/iskola\/a-szekacs-iskola-tajekoztatoja\/#primaryimage\"},\"thumbnailUrl\":\"https:\/\/szekacs.lutheran.hu\/iskola\/wp-content\/uploads\/2020\/03\/T\u00e1j\u00e9koztat\u00e1s.png\",\"datePublished\":\"2020-03-15T12:35:24+00:00\",\"dateModified\":\"2020-09-23T12:25:55+00:00\",\"author\":{\"@id\":\"https:\/\/szekacs.lutheran.hu\/iskola\/#\/schema\/person\/c2ed2e14631babb098c586494bc7d5df\"},\"breadcrumb\":{\"@id\":\"https:\/\/szekacs.lutheran.hu\/iskola\/a-szekacs-iskola-tajekoztatoja\/#breadcrumb\"},\"inLanguage\":\"hu\",\"potentialAction\":[{\"@type\":\"ReadAction\",\"target\":[\"https:\/\/szekacs.lutheran.hu\/iskola\/a-szekacs-iskola-tajekoztatoja\/\"]}]},{\"@type\":\"ImageObject\",\"inLanguage\":\"hu\",\"@id\":\"https:\/\/szekacs.lutheran.hu\/iskola\/a-szekacs-iskola-tajekoztatoja\/#primaryimage\",\"url\":\"https:\/\/szekacs.lutheran.hu\/iskola\/wp-content\/uploads\/2020\/03\/T\u00e1j\u00e9koztat\u00e1s.png\",\"contentUrl\":\"https:\/\/szekacs.lutheran.hu\/iskola\/wp-content\/uploads\/2020\/03\/T\u00e1j\u00e9koztat\u00e1s.png\",\"width\":1108,\"height\":709},{\"@type\":\"BreadcrumbList\",\"@id\":\"https:\/\/szekacs.lutheran.hu\/iskola\/a-szekacs-iskola-tajekoztatoja\/#breadcrumb\",\"itemListElement\":[{\"@type\":\"ListItem\",\"position\":1,\"name\":\"Home\",\"item\":\"https:\/\/szekacs.lutheran.hu\/iskola\/\"},{\"@type\":\"ListItem\",\"position\":2,\"name\":\"A Sz\u00e9k\u00e1cs iskola t\u00e1j\u00e9koztat\u00f3ja\"}]},{\"@type\":\"WebSite\",\"@id\":\"https:\/\/szekacs.lutheran.hu\/iskola\/#website\",\"url\":\"https:\/\/szekacs.lutheran.hu\/iskola\/\",\"name\":\"Sz\u00e9k\u00e1cs J\u00f3zsef Evang\u00e9likus \u00d3voda, \u00c1ltal\u00e1nos Iskola \u00e9s Gimn\u00e1zium\",\"description\":\"\",\"potentialAction\":[{\"@type\":\"SearchAction\",\"target\":{\"@type\":\"EntryPoint\",\"urlTemplate\":\"https:\/\/szekacs.lutheran.hu\/iskola\/?s={search_term_string}\"},\"query-input\":{\"@type\":\"PropertyValueSpecification\",\"valueRequired\":true,\"valueName\":\"search_term_string\"}}],\"inLanguage\":\"hu\"},{\"@type\":\"Person\",\"@id\":\"https:\/\/szekacs.lutheran.hu\/iskola\/#\/schema\/person\/c2ed2e14631babb098c586494bc7d5df\",\"name\":\"admin\",\"image\":{\"@type\":\"ImageObject\",\"inLanguage\":\"hu\",\"@id\":\"https:\/\/szekacs.lutheran.hu\/iskola\/#\/schema\/person\/image\/\",\"url\":\"https:\/\/secure.gravatar.com\/avatar\/2d9a947cd9a162ca4e5eb73e817e43edd8dcbc6e501b39fb999fb53d65e181f4?s=96&d=mm&r=g\",\"contentUrl\":\"https:\/\/secure.gravatar.com\/avatar\/2d9a947cd9a162ca4e5eb73e817e43edd8dcbc6e501b39fb999fb53d65e181f4?s=96&d=mm&r=g\",\"caption\":\"admin\"},\"url\":\"https:\/\/szekacs.lutheran.hu\/iskola\/author\/admin\/\"}]}<\/script>\n<!-- \/ Yoast SEO plugin. -->","yoast_head_json":{"title":"A Sz\u00e9k\u00e1cs iskola t\u00e1j\u00e9koztat\u00f3ja - Sz\u00e9k\u00e1cs J\u00f3zsef Evang\u00e9likus \u00d3voda, \u00c1ltal\u00e1nos Iskola \u00e9s Gimn\u00e1zium","robots":{"index":"index","follow":"follow","max-snippet":"max-snippet:-1","max-image-preview":"max-image-preview:large","max-video-preview":"max-video-preview:-1"},"canonical":"https:\/\/szekacs.lutheran.hu\/iskola\/a-szekacs-iskola-tajekoztatoja\/","og_locale":"hu_HU","og_type":"article","og_title":"A Sz\u00e9k\u00e1cs iskola t\u00e1j\u00e9koztat\u00f3ja - Sz\u00e9k\u00e1cs J\u00f3zsef Evang\u00e9likus \u00d3voda, \u00c1ltal\u00e1nos Iskola \u00e9s Gimn\u00e1zium","og_description":"Kedves Sz\u00fcl\u0151k! Orb\u00e1n Viktor minisztereln\u00f6k p\u00e9ntek esti bejelent\u00e9se alapj\u00e1n m\u00e1rcius 16-t\u00f3l, h\u00e9tf\u0151t\u0151l tantermen k\u00edv\u00fcli digit\u00e1lis munkarend l\u00e9p \u00e9letbe az iskol\u00e1kban....","og_url":"https:\/\/szekacs.lutheran.hu\/iskola\/a-szekacs-iskola-tajekoztatoja\/","og_site_name":"Sz\u00e9k\u00e1cs J\u00f3zsef Evang\u00e9likus \u00d3voda, \u00c1ltal\u00e1nos Iskola \u00e9s Gimn\u00e1zium","article_published_time":"2020-03-15T12:35:24+00:00","article_modified_time":"2020-09-23T12:25:55+00:00","og_image":[{"width":1108,"height":709,"url":"https:\/\/szekacs.lutheran.hu\/iskola\/wp-content\/uploads\/2020\/03\/T\u00e1j\u00e9koztat\u00e1s.png","type":"image\/png"}],"author":"admin","twitter_card":"summary_large_image","twitter_misc":{"Szerz\u0151:":"admin","Becs\u00fclt olvas\u00e1si id\u0151":"1 perc"},"schema":{"@context":"https:\/\/schema.org","@graph":[{"@type":"WebPage","@id":"https:\/\/szekacs.lutheran.hu\/iskola\/a-szekacs-iskola-tajekoztatoja\/","url":"https:\/\/szekacs.lutheran.hu\/iskola\/a-szekacs-iskola-tajekoztatoja\/","name":"A Sz\u00e9k\u00e1cs iskola t\u00e1j\u00e9koztat\u00f3ja - Sz\u00e9k\u00e1cs J\u00f3zsef Evang\u00e9likus \u00d3voda, \u00c1ltal\u00e1nos Iskola \u00e9s Gimn\u00e1zium","isPartOf":{"@id":"https:\/\/szekacs.lutheran.hu\/iskola\/#website"},"primaryImageOfPage":{"@id":"https:\/\/szekacs.lutheran.hu\/iskola\/a-szekacs-iskola-tajekoztatoja\/#primaryimage"},"image":{"@id":"https:\/\/szekacs.lutheran.hu\/iskola\/a-szekacs-iskola-tajekoztatoja\/#primaryimage"},"thumbnailUrl":"https:\/\/szekacs.lutheran.hu\/iskola\/wp-content\/uploads\/2020\/03\/T\u00e1j\u00e9koztat\u00e1s.png","datePublished":"2020-03-15T12:35:24+00:00","dateModified":"2020-09-23T12:25:55+00:00","author":{"@id":"https:\/\/szekacs.lutheran.hu\/iskola\/#\/schema\/person\/c2ed2e14631babb098c586494bc7d5df"},"breadcrumb":{"@id":"https:\/\/szekacs.lutheran.hu\/iskola\/a-szekacs-iskola-tajekoztatoja\/#breadcrumb"},"inLanguage":"hu","potentialAction":[{"@type":"ReadAction","target":["https:\/\/szekacs.lutheran.hu\/iskola\/a-szekacs-iskola-tajekoztatoja\/"]}]},{"@type":"ImageObject","inLanguage":"hu","@id":"https:\/\/szekacs.lutheran.hu\/iskola\/a-szekacs-iskola-tajekoztatoja\/#primaryimage","url":"https:\/\/szekacs.lutheran.hu\/iskola\/wp-content\/uploads\/2020\/03\/T\u00e1j\u00e9koztat\u00e1s.png","contentUrl":"https:\/\/szekacs.lutheran.hu\/iskola\/wp-content\/uploads\/2020\/03\/T\u00e1j\u00e9koztat\u00e1s.png","width":1108,"height":709},{"@type":"BreadcrumbList","@id":"https:\/\/szekacs.lutheran.hu\/iskola\/a-szekacs-iskola-tajekoztatoja\/#breadcrumb","itemListElement":[{"@type":"ListItem","position":1,"name":"Home","item":"https:\/\/szekacs.lutheran.hu\/iskola\/"},{"@type":"ListItem","position":2,"name":"A Sz\u00e9k\u00e1cs iskola t\u00e1j\u00e9koztat\u00f3ja"}]},{"@type":"WebSite","@id":"https:\/\/szekacs.lutheran.hu\/iskola\/#website","url":"https:\/\/szekacs.lutheran.hu\/iskola\/","name":"Sz\u00e9k\u00e1cs J\u00f3zsef Evang\u00e9likus \u00d3voda, \u00c1ltal\u00e1nos Iskola \u00e9s Gimn\u00e1zium","description":"","potentialAction":[{"@type":"SearchAction","target":{"@type":"EntryPoint","urlTemplate":"https:\/\/szekacs.lutheran.hu\/iskola\/?s={search_term_string}"},"query-input":{"@type":"PropertyValueSpecification","valueRequired":true,"valueName":"search_term_string"}}],"inLanguage":"hu"},{"@type":"Person","@id":"https:\/\/szekacs.lutheran.hu\/iskola\/#\/schema\/person\/c2ed2e14631babb098c586494bc7d5df","name":"admin","image":{"@type":"ImageObject","inLanguage":"hu","@id":"https:\/\/szekacs.lutheran.hu\/iskola\/#\/schema\/person\/image\/","url":"https:\/\/secure.gravatar.com\/avatar\/2d9a947cd9a162ca4e5eb73e817e43edd8dcbc6e501b39fb999fb53d65e181f4?s=96&d=mm&r=g","contentUrl":"https:\/\/secure.gravatar.com\/avatar\/2d9a947cd9a162ca4e5eb73e817e43edd8dcbc6e501b39fb999fb53d65e181f4?s=96&d=mm&r=g","caption":"admin"},"url":"https:\/\/szekacs.lutheran.hu\/iskola\/author\/admin\/"}]}},"_links":{"self":[{"href":"https:\/\/szekacs.lutheran.hu\/iskola\/wp-json\/wp\/v2\/posts\/21927","targetHints":{"allow":["GET"]}}],"collection":[{"href":"https:\/\/szekacs.lutheran.hu\/iskola\/wp-json\/wp\/v2\/posts"}],"about":[{"href":"https:\/\/szekacs.lutheran.hu\/iskola\/wp-json\/wp\/v2\/types\/post"}],"author":[{"embeddable":true,"href":"https:\/\/szekacs.lutheran.hu\/iskola\/wp-json\/wp\/v2\/users\/1"}],"replies":[{"embeddable":true,"href":"https:\/\/szekacs.lutheran.hu\/iskola\/wp-json\/wp\/v2\/comments?post=21927"}],"version-history":[{"count":1,"href":"https:\/\/szekacs.lutheran.hu\/iskola\/wp-json\/wp\/v2\/posts\/21927\/revisions"}],"predecessor-version":[{"id":21929,"href":"https:\/\/szekacs.lutheran.hu\/iskola\/wp-json\/wp\/v2\/posts\/21927\/revisions\/21929"}],"wp:featuredmedia":[{"embeddable":true,"href":"https:\/\/szekacs.lutheran.hu\/iskola\/wp-json\/wp\/v2\/media\/21928"}],"wp:attachment":[{"href":"https:\/\/szekacs.lutheran.hu\/iskola\/wp-json\/wp\/v2\/media?parent=21927"}],"wp:term":[{"taxonomy":"category","embeddable":true,"href":"https:\/\/szekacs.lutheran.hu\/iskola\/wp-json\/wp\/v2\/categories?post=21927"},{"taxonomy":"post_tag","embeddable":true,"href":"https:\/\/szekacs.lutheran.hu\/iskola\/wp-json\/wp\/v2\/tags?post=21927"}],"curies":[{"name":"wp","href":"https:\/\/api.w.org\/{rel}","templated":true}]}}