{"id":21896,"date":"2020-03-03T11:31:31","date_gmt":"2020-03-03T11:31:31","guid":{"rendered":"https:\/\/szekacs.lutheran.hu\/iskola\/?p=21896"},"modified":"2020-09-23T12:26:30","modified_gmt":"2020-09-23T12:26:30","slug":"birodalmak-eloadas-a-diakklubban","status":"publish","type":"post","link":"https:\/\/szekacs.lutheran.hu\/iskola\/birodalmak-eloadas-a-diakklubban\/","title":{"rendered":"Birodalmak &#8211; el\u0151ad\u00e1s a di\u00e1kklubban"},"content":{"rendered":"\n<p>A p\u00e9ntek esti di\u00e1kklub el\u0151ad\u00e1s-sorozat\u00e1nak k\u00f6vetkez\u0151 t\u00e9m\u00e1ja  a birodalmak t\u00f6rt\u00e9nete.<\/p>\n\n\n\n<p>El\u0151ad\u00e1st hallgathatnak meg agimnazist\u00e1k a gonosz birodalmakr\u00f3l, melyek:<\/p>\n\n\n\n<p>&#8211; egys\u00e9ges\u00edtett\u00e9k az alattval\u00f3kat,<\/p>\n\n\n\n<p>-megszervezt\u00e9k az \u00e9letet,<\/p>\n\n\n\n<p>-l\u00e9trehozt\u00e1k a legnagyobb \u00e9p\u00edt\u00e9szeti alkot\u00e1sokat,<\/p>\n\n\n\n<p>&#8211; t\u00e1mogatt\u00e1k a legnagyobb m\u0171v\u00e9szeket.<\/p>\n\n\n\n<p>Teh\u00e1t: rosszak-e a birodalmak? V\u00e1laszt erre az el\u0151ad\u00e1sban kapunk Hajdu Attila tan\u00e1r \u00fart\u00f3l az \u00f3kort\u00f3l napjainkig tart\u00f3 t\u00f6rt\u00e9nelmi \u00e1ttekint\u00e9s keret\u00e9ben 2020. m\u00e1rcius 6-\u00e1n, p\u00e9nteken este.<\/p>\n","protected":false},"excerpt":{"rendered":"<p>A p\u00e9ntek esti di\u00e1kklub el\u0151ad\u00e1s-sorozat\u00e1nak k\u00f6vetkez\u0151 t\u00e9m\u00e1ja a birodalmak t\u00f6rt\u00e9nete. El\u0151ad\u00e1st hallgathatnak meg agimnazist\u00e1k a gonosz birodalmakr\u00f3l, melyek: &#8211; egys\u00e9ges\u00edtett\u00e9k&#8230;<\/p>\n","protected":false},"author":1,"featured_media":21894,"comment_status":"closed","ping_status":"closed","sticky":false,"template":"","format":"standard","meta":{"footnotes":""},"categories":[43],"tags":[],"class_list":["post-21896","post","type-post","status-publish","format-standard","has-post-thumbnail","hentry","category-iskolai-elet"],"yoast_head":"<!-- This site is optimized with the Yoast SEO plugin v26.2 - https:\/\/yoast.com\/wordpress\/plugins\/seo\/ -->\n<title>Birodalmak - el\u0151ad\u00e1s a di\u00e1kklubban - Sz\u00e9k\u00e1cs J\u00f3zsef Evang\u00e9likus \u00d3voda, \u00c1ltal\u00e1nos Iskola \u00e9s Gimn\u00e1zium<\/title>\n<meta name=\"robots\" content=\"index, follow, max-snippet:-1, max-image-preview:large, max-video-preview:-1\" \/>\n<link rel=\"canonical\" href=\"https:\/\/szekacs.lutheran.hu\/iskola\/birodalmak-eloadas-a-diakklubban\/\" \/>\n<meta property=\"og:locale\" content=\"hu_HU\" \/>\n<meta property=\"og:type\" content=\"article\" \/>\n<meta property=\"og:title\" content=\"Birodalmak - el\u0151ad\u00e1s a di\u00e1kklubban - Sz\u00e9k\u00e1cs J\u00f3zsef Evang\u00e9likus \u00d3voda, \u00c1ltal\u00e1nos Iskola \u00e9s Gimn\u00e1zium\" \/>\n<meta property=\"og:description\" content=\"A p\u00e9ntek esti di\u00e1kklub el\u0151ad\u00e1s-sorozat\u00e1nak k\u00f6vetkez\u0151 t\u00e9m\u00e1ja a birodalmak t\u00f6rt\u00e9nete. El\u0151ad\u00e1st hallgathatnak meg agimnazist\u00e1k a gonosz birodalmakr\u00f3l, melyek: &#8211; egys\u00e9ges\u00edtett\u00e9k...\" \/>\n<meta property=\"og:url\" content=\"https:\/\/szekacs.lutheran.hu\/iskola\/birodalmak-eloadas-a-diakklubban\/\" \/>\n<meta property=\"og:site_name\" content=\"Sz\u00e9k\u00e1cs J\u00f3zsef Evang\u00e9likus \u00d3voda, \u00c1ltal\u00e1nos Iskola \u00e9s Gimn\u00e1zium\" \/>\n<meta property=\"article:published_time\" content=\"2020-03-03T11:31:31+00:00\" \/>\n<meta property=\"article:modified_time\" content=\"2020-09-23T12:26:30+00:00\" \/>\n<meta property=\"og:image\" content=\"https:\/\/szekacs.lutheran.hu\/iskola\/wp-content\/uploads\/2020\/03\/Birodalmak-el\u0151ad\u00e1s-plak\u00e1t.png\" \/>\n\t<meta property=\"og:image:width\" content=\"557\" \/>\n\t<meta property=\"og:image:height\" content=\"807\" \/>\n\t<meta property=\"og:image:type\" content=\"image\/png\" \/>\n<meta name=\"author\" content=\"admin\" \/>\n<meta name=\"twitter:card\" content=\"summary_large_image\" \/>\n<meta name=\"twitter:label1\" content=\"Szerz\u0151:\" \/>\n\t<meta name=\"twitter:data1\" content=\"admin\" \/>\n\t<meta name=\"twitter:label2\" content=\"Becs\u00fclt olvas\u00e1si id\u0151\" \/>\n\t<meta name=\"twitter:data2\" content=\"1 perc\" \/>\n<script type=\"application\/ld+json\" class=\"yoast-schema-graph\">{\"@context\":\"https:\/\/schema.org\",\"@graph\":[{\"@type\":\"WebPage\",\"@id\":\"https:\/\/szekacs.lutheran.hu\/iskola\/birodalmak-eloadas-a-diakklubban\/\",\"url\":\"https:\/\/szekacs.lutheran.hu\/iskola\/birodalmak-eloadas-a-diakklubban\/\",\"name\":\"Birodalmak - el\u0151ad\u00e1s a di\u00e1kklubban - Sz\u00e9k\u00e1cs J\u00f3zsef Evang\u00e9likus \u00d3voda, \u00c1ltal\u00e1nos Iskola \u00e9s Gimn\u00e1zium\",\"isPartOf\":{\"@id\":\"https:\/\/szekacs.lutheran.hu\/iskola\/#website\"},\"primaryImageOfPage\":{\"@id\":\"https:\/\/szekacs.lutheran.hu\/iskola\/birodalmak-eloadas-a-diakklubban\/#primaryimage\"},\"image\":{\"@id\":\"https:\/\/szekacs.lutheran.hu\/iskola\/birodalmak-eloadas-a-diakklubban\/#primaryimage\"},\"thumbnailUrl\":\"https:\/\/szekacs.lutheran.hu\/iskola\/wp-content\/uploads\/2020\/03\/Birodalmak-el\u0151ad\u00e1s-plak\u00e1t.png\",\"datePublished\":\"2020-03-03T11:31:31+00:00\",\"dateModified\":\"2020-09-23T12:26:30+00:00\",\"author\":{\"@id\":\"https:\/\/szekacs.lutheran.hu\/iskola\/#\/schema\/person\/c2ed2e14631babb098c586494bc7d5df\"},\"breadcrumb\":{\"@id\":\"https:\/\/szekacs.lutheran.hu\/iskola\/birodalmak-eloadas-a-diakklubban\/#breadcrumb\"},\"inLanguage\":\"hu\",\"potentialAction\":[{\"@type\":\"ReadAction\",\"target\":[\"https:\/\/szekacs.lutheran.hu\/iskola\/birodalmak-eloadas-a-diakklubban\/\"]}]},{\"@type\":\"ImageObject\",\"inLanguage\":\"hu\",\"@id\":\"https:\/\/szekacs.lutheran.hu\/iskola\/birodalmak-eloadas-a-diakklubban\/#primaryimage\",\"url\":\"https:\/\/szekacs.lutheran.hu\/iskola\/wp-content\/uploads\/2020\/03\/Birodalmak-el\u0151ad\u00e1s-plak\u00e1t.png\",\"contentUrl\":\"https:\/\/szekacs.lutheran.hu\/iskola\/wp-content\/uploads\/2020\/03\/Birodalmak-el\u0151ad\u00e1s-plak\u00e1t.png\",\"width\":557,\"height\":807},{\"@type\":\"BreadcrumbList\",\"@id\":\"https:\/\/szekacs.lutheran.hu\/iskola\/birodalmak-eloadas-a-diakklubban\/#breadcrumb\",\"itemListElement\":[{\"@type\":\"ListItem\",\"position\":1,\"name\":\"Home\",\"item\":\"https:\/\/szekacs.lutheran.hu\/iskola\/\"},{\"@type\":\"ListItem\",\"position\":2,\"name\":\"Birodalmak &#8211; el\u0151ad\u00e1s a di\u00e1kklubban\"}]},{\"@type\":\"WebSite\",\"@id\":\"https:\/\/szekacs.lutheran.hu\/iskola\/#website\",\"url\":\"https:\/\/szekacs.lutheran.hu\/iskola\/\",\"name\":\"Sz\u00e9k\u00e1cs J\u00f3zsef Evang\u00e9likus \u00d3voda, \u00c1ltal\u00e1nos Iskola \u00e9s Gimn\u00e1zium\",\"description\":\"\",\"potentialAction\":[{\"@type\":\"SearchAction\",\"target\":{\"@type\":\"EntryPoint\",\"urlTemplate\":\"https:\/\/szekacs.lutheran.hu\/iskola\/?s={search_term_string}\"},\"query-input\":{\"@type\":\"PropertyValueSpecification\",\"valueRequired\":true,\"valueName\":\"search_term_string\"}}],\"inLanguage\":\"hu\"},{\"@type\":\"Person\",\"@id\":\"https:\/\/szekacs.lutheran.hu\/iskola\/#\/schema\/person\/c2ed2e14631babb098c586494bc7d5df\",\"name\":\"admin\",\"image\":{\"@type\":\"ImageObject\",\"inLanguage\":\"hu\",\"@id\":\"https:\/\/szekacs.lutheran.hu\/iskola\/#\/schema\/person\/image\/\",\"url\":\"https:\/\/secure.gravatar.com\/avatar\/2d9a947cd9a162ca4e5eb73e817e43edd8dcbc6e501b39fb999fb53d65e181f4?s=96&d=mm&r=g\",\"contentUrl\":\"https:\/\/secure.gravatar.com\/avatar\/2d9a947cd9a162ca4e5eb73e817e43edd8dcbc6e501b39fb999fb53d65e181f4?s=96&d=mm&r=g\",\"caption\":\"admin\"},\"url\":\"https:\/\/szekacs.lutheran.hu\/iskola\/author\/admin\/\"}]}<\/script>\n<!-- \/ Yoast SEO plugin. -->","yoast_head_json":{"title":"Birodalmak - el\u0151ad\u00e1s a di\u00e1kklubban - Sz\u00e9k\u00e1cs J\u00f3zsef Evang\u00e9likus \u00d3voda, \u00c1ltal\u00e1nos Iskola \u00e9s Gimn\u00e1zium","robots":{"index":"index","follow":"follow","max-snippet":"max-snippet:-1","max-image-preview":"max-image-preview:large","max-video-preview":"max-video-preview:-1"},"canonical":"https:\/\/szekacs.lutheran.hu\/iskola\/birodalmak-eloadas-a-diakklubban\/","og_locale":"hu_HU","og_type":"article","og_title":"Birodalmak - el\u0151ad\u00e1s a di\u00e1kklubban - Sz\u00e9k\u00e1cs J\u00f3zsef Evang\u00e9likus \u00d3voda, \u00c1ltal\u00e1nos Iskola \u00e9s Gimn\u00e1zium","og_description":"A p\u00e9ntek esti di\u00e1kklub el\u0151ad\u00e1s-sorozat\u00e1nak k\u00f6vetkez\u0151 t\u00e9m\u00e1ja a birodalmak t\u00f6rt\u00e9nete. El\u0151ad\u00e1st hallgathatnak meg agimnazist\u00e1k a gonosz birodalmakr\u00f3l, melyek: &#8211; egys\u00e9ges\u00edtett\u00e9k...","og_url":"https:\/\/szekacs.lutheran.hu\/iskola\/birodalmak-eloadas-a-diakklubban\/","og_site_name":"Sz\u00e9k\u00e1cs J\u00f3zsef Evang\u00e9likus \u00d3voda, \u00c1ltal\u00e1nos Iskola \u00e9s Gimn\u00e1zium","article_published_time":"2020-03-03T11:31:31+00:00","article_modified_time":"2020-09-23T12:26:30+00:00","og_image":[{"width":557,"height":807,"url":"https:\/\/szekacs.lutheran.hu\/iskola\/wp-content\/uploads\/2020\/03\/Birodalmak-el\u0151ad\u00e1s-plak\u00e1t.png","type":"image\/png"}],"author":"admin","twitter_card":"summary_large_image","twitter_misc":{"Szerz\u0151:":"admin","Becs\u00fclt olvas\u00e1si id\u0151":"1 perc"},"schema":{"@context":"https:\/\/schema.org","@graph":[{"@type":"WebPage","@id":"https:\/\/szekacs.lutheran.hu\/iskola\/birodalmak-eloadas-a-diakklubban\/","url":"https:\/\/szekacs.lutheran.hu\/iskola\/birodalmak-eloadas-a-diakklubban\/","name":"Birodalmak - el\u0151ad\u00e1s a di\u00e1kklubban - Sz\u00e9k\u00e1cs J\u00f3zsef Evang\u00e9likus \u00d3voda, \u00c1ltal\u00e1nos Iskola \u00e9s Gimn\u00e1zium","isPartOf":{"@id":"https:\/\/szekacs.lutheran.hu\/iskola\/#website"},"primaryImageOfPage":{"@id":"https:\/\/szekacs.lutheran.hu\/iskola\/birodalmak-eloadas-a-diakklubban\/#primaryimage"},"image":{"@id":"https:\/\/szekacs.lutheran.hu\/iskola\/birodalmak-eloadas-a-diakklubban\/#primaryimage"},"thumbnailUrl":"https:\/\/szekacs.lutheran.hu\/iskola\/wp-content\/uploads\/2020\/03\/Birodalmak-el\u0151ad\u00e1s-plak\u00e1t.png","datePublished":"2020-03-03T11:31:31+00:00","dateModified":"2020-09-23T12:26:30+00:00","author":{"@id":"https:\/\/szekacs.lutheran.hu\/iskola\/#\/schema\/person\/c2ed2e14631babb098c586494bc7d5df"},"breadcrumb":{"@id":"https:\/\/szekacs.lutheran.hu\/iskola\/birodalmak-eloadas-a-diakklubban\/#breadcrumb"},"inLanguage":"hu","potentialAction":[{"@type":"ReadAction","target":["https:\/\/szekacs.lutheran.hu\/iskola\/birodalmak-eloadas-a-diakklubban\/"]}]},{"@type":"ImageObject","inLanguage":"hu","@id":"https:\/\/szekacs.lutheran.hu\/iskola\/birodalmak-eloadas-a-diakklubban\/#primaryimage","url":"https:\/\/szekacs.lutheran.hu\/iskola\/wp-content\/uploads\/2020\/03\/Birodalmak-el\u0151ad\u00e1s-plak\u00e1t.png","contentUrl":"https:\/\/szekacs.lutheran.hu\/iskola\/wp-content\/uploads\/2020\/03\/Birodalmak-el\u0151ad\u00e1s-plak\u00e1t.png","width":557,"height":807},{"@type":"BreadcrumbList","@id":"https:\/\/szekacs.lutheran.hu\/iskola\/birodalmak-eloadas-a-diakklubban\/#breadcrumb","itemListElement":[{"@type":"ListItem","position":1,"name":"Home","item":"https:\/\/szekacs.lutheran.hu\/iskola\/"},{"@type":"ListItem","position":2,"name":"Birodalmak &#8211; el\u0151ad\u00e1s a di\u00e1kklubban"}]},{"@type":"WebSite","@id":"https:\/\/szekacs.lutheran.hu\/iskola\/#website","url":"https:\/\/szekacs.lutheran.hu\/iskola\/","name":"Sz\u00e9k\u00e1cs J\u00f3zsef Evang\u00e9likus \u00d3voda, \u00c1ltal\u00e1nos Iskola \u00e9s Gimn\u00e1zium","description":"","potentialAction":[{"@type":"SearchAction","target":{"@type":"EntryPoint","urlTemplate":"https:\/\/szekacs.lutheran.hu\/iskola\/?s={search_term_string}"},"query-input":{"@type":"PropertyValueSpecification","valueRequired":true,"valueName":"search_term_string"}}],"inLanguage":"hu"},{"@type":"Person","@id":"https:\/\/szekacs.lutheran.hu\/iskola\/#\/schema\/person\/c2ed2e14631babb098c586494bc7d5df","name":"admin","image":{"@type":"ImageObject","inLanguage":"hu","@id":"https:\/\/szekacs.lutheran.hu\/iskola\/#\/schema\/person\/image\/","url":"https:\/\/secure.gravatar.com\/avatar\/2d9a947cd9a162ca4e5eb73e817e43edd8dcbc6e501b39fb999fb53d65e181f4?s=96&d=mm&r=g","contentUrl":"https:\/\/secure.gravatar.com\/avatar\/2d9a947cd9a162ca4e5eb73e817e43edd8dcbc6e501b39fb999fb53d65e181f4?s=96&d=mm&r=g","caption":"admin"},"url":"https:\/\/szekacs.lutheran.hu\/iskola\/author\/admin\/"}]}},"_links":{"self":[{"href":"https:\/\/szekacs.lutheran.hu\/iskola\/wp-json\/wp\/v2\/posts\/21896","targetHints":{"allow":["GET"]}}],"collection":[{"href":"https:\/\/szekacs.lutheran.hu\/iskola\/wp-json\/wp\/v2\/posts"}],"about":[{"href":"https:\/\/szekacs.lutheran.hu\/iskola\/wp-json\/wp\/v2\/types\/post"}],"author":[{"embeddable":true,"href":"https:\/\/szekacs.lutheran.hu\/iskola\/wp-json\/wp\/v2\/users\/1"}],"replies":[{"embeddable":true,"href":"https:\/\/szekacs.lutheran.hu\/iskola\/wp-json\/wp\/v2\/comments?post=21896"}],"version-history":[{"count":1,"href":"https:\/\/szekacs.lutheran.hu\/iskola\/wp-json\/wp\/v2\/posts\/21896\/revisions"}],"predecessor-version":[{"id":21897,"href":"https:\/\/szekacs.lutheran.hu\/iskola\/wp-json\/wp\/v2\/posts\/21896\/revisions\/21897"}],"wp:featuredmedia":[{"embeddable":true,"href":"https:\/\/szekacs.lutheran.hu\/iskola\/wp-json\/wp\/v2\/media\/21894"}],"wp:attachment":[{"href":"https:\/\/szekacs.lutheran.hu\/iskola\/wp-json\/wp\/v2\/media?parent=21896"}],"wp:term":[{"taxonomy":"category","embeddable":true,"href":"https:\/\/szekacs.lutheran.hu\/iskola\/wp-json\/wp\/v2\/categories?post=21896"},{"taxonomy":"post_tag","embeddable":true,"href":"https:\/\/szekacs.lutheran.hu\/iskola\/wp-json\/wp\/v2\/tags?post=21896"}],"curies":[{"name":"wp","href":"https:\/\/api.w.org\/{rel}","templated":true}]}}