{"id":21880,"date":"2020-02-25T11:42:38","date_gmt":"2020-02-25T11:42:38","guid":{"rendered":"https:\/\/szekacs.lutheran.hu\/iskola\/?p=21880"},"modified":"2020-02-25T11:44:15","modified_gmt":"2020-02-25T11:44:15","slug":"az-operettszinhazban-jartak-a-gimnazistak","status":"publish","type":"post","link":"https:\/\/szekacs.lutheran.hu\/iskola\/az-operettszinhazban-jartak-a-gimnazistak\/","title":{"rendered":"Az Operettsz\u00ednh\u00e1zban j\u00e1rtak a gimnazist\u00e1k"},"content":{"rendered":"\n<p>K\u00f6zel 20\n\u00e9ves hagyom\u00e1ny a gimn\u00e1ziumi oszt\u00e1lyainkban, hogy a m\u00e1sodik f\u00e9l\u00e9vben Budapestre,\nsz\u00ednh\u00e1zba utaznak a di\u00e1kok. Az eredeti elk\u00e9pzel\u00e9s az volt, hogy \u00e9vente\nv\u00e1ltakozva az Operah\u00e1zba \u00e9s a Nemzeti Sz\u00ednh\u00e1zba, az orsz\u00e1g k\u00e9t nevezetes,\nemblematikus hely\u00e9re jussanak el a fiatalok. Az \u00e9vek sor\u00e1n ez a terv szervez\u00e9si\nokok miatt n\u00e9ha m\u00f3dosult. Id\u00e9n febru\u00e1r 14-\u00e9n, p\u00e9nteken az Operettsz\u00ednh\u00e1zban voltunk,\naz Istv\u00e1n, a kir\u00e1ly c. rockoper\u00e1t n\u00e9zt\u00fck. 185 di\u00e1k (8 oszt\u00e1ly) utazott\noszt\u00e1lyf\u0151n\u00f6keikkel.&nbsp;<\/p>\n\n\n\n<p>\u00c9s ha m\u00e1r\nilyen messzire utazunk, a programot az oszt\u00e1lyok egy\u00e9ni \u00e9rdekl\u0151d\u00e9se szerint\nkieg\u00e9sz\u00edtett\u00fck. D\u00e9lut\u00e1n, a sz\u00ednh\u00e1zi el\u0151ad\u00e1s el\u0151tt az egyes csoportok\nki\u00e1ll\u00edt\u00e1sokat n\u00e9ztek meg: a Tutanhamon- \u00e9s a L\u00e1thatatlan ki\u00e1ll\u00edt\u00e1s mellett id\u00e9n\na Terror H\u00e1z\u00e1ba mentek el, ezzel is gazdag\u00edtva a tanulm\u00e1nyi kir\u00e1ndul\u00e1st.<\/p>\n\n\n\n<p>A c\u00e9l a\nk\u00f6z\u00f6s \u00e9lm\u00e9nyek szerz\u00e9se mellett a m\u0171vel\u0151d\u00e9s \u00e9s a tant\u00e1rgyi ismeretek\nkieg\u00e9sz\u00edt\u00e9se. Az \u00fat el\u0151tt az oszt\u00e1lyf\u0151n\u00f6k\u00f6k \u00e9s az \u00e9rintett szaktan\u00e1rok\nfelk\u00e9sz\u00edtik a di\u00e1kokat a ki\u00e1ll\u00edt\u00e1s \u00e9s a sz\u00ednh\u00e1z megtekint\u00e9s\u00e9re. A viselked\u00e9ssel\nkapcsolatos tudnival\u00f3kon t\u00fal mes\u00e9ltek p\u00e9ld\u00e1ul az el\u0151ad\u00e1s t\u00f6rt\u00e9net\u00e9r\u0151l,\nt\u00e9m\u00e1j\u00e1r\u00f3l, a v\u00e1rhat\u00f3an felmer\u00fcl\u0151 k\u00e9rd\u00e9sekr\u0151l is. A sz\u00ednh\u00e1zban valamennyien az\niskola egyenruh\u00e1j\u00e1t, a Bocskai-mell\u00e9nyt viselt\u00fck. Ezzel \u00e1ltal\u00e1ban nagy\nfelt\u0171n\u00e9st kelt\u00fcnk, \u00e9s mindig pozit\u00edv visszhangja van a sz\u00ednh\u00e1zl\u00e1togat\u00f3k k\u00f6r\u00e9ben\na di\u00e1kok egys\u00e9ges, \u00edzl\u00e9ses megjelen\u00e9s\u00e9nek.<\/p>\n","protected":false},"excerpt":{"rendered":"<p>K\u00f6zel 20 \u00e9ves hagyom\u00e1ny a gimn\u00e1ziumi oszt\u00e1lyainkban, hogy a m\u00e1sodik f\u00e9l\u00e9vben Budapestre, sz\u00ednh\u00e1zba utaznak a di\u00e1kok. Az eredeti elk\u00e9pzel\u00e9s az&#8230;<\/p>\n","protected":false},"author":1,"featured_media":21881,"comment_status":"closed","ping_status":"closed","sticky":false,"template":"","format":"standard","meta":{"footnotes":""},"categories":[43],"tags":[],"class_list":["post-21880","post","type-post","status-publish","format-standard","has-post-thumbnail","hentry","category-iskolai-elet"],"yoast_head":"<!-- This site is optimized with the Yoast SEO plugin v26.2 - https:\/\/yoast.com\/wordpress\/plugins\/seo\/ -->\n<title>Az Operettsz\u00ednh\u00e1zban j\u00e1rtak a gimnazist\u00e1k - Sz\u00e9k\u00e1cs J\u00f3zsef Evang\u00e9likus \u00d3voda, \u00c1ltal\u00e1nos Iskola \u00e9s Gimn\u00e1zium<\/title>\n<meta name=\"robots\" content=\"index, follow, max-snippet:-1, max-image-preview:large, max-video-preview:-1\" \/>\n<link rel=\"canonical\" href=\"https:\/\/szekacs.lutheran.hu\/iskola\/az-operettszinhazban-jartak-a-gimnazistak\/\" \/>\n<meta property=\"og:locale\" content=\"hu_HU\" \/>\n<meta property=\"og:type\" content=\"article\" \/>\n<meta property=\"og:title\" content=\"Az Operettsz\u00ednh\u00e1zban j\u00e1rtak a gimnazist\u00e1k - Sz\u00e9k\u00e1cs J\u00f3zsef Evang\u00e9likus \u00d3voda, \u00c1ltal\u00e1nos Iskola \u00e9s Gimn\u00e1zium\" \/>\n<meta property=\"og:description\" content=\"K\u00f6zel 20 \u00e9ves hagyom\u00e1ny a gimn\u00e1ziumi oszt\u00e1lyainkban, hogy a m\u00e1sodik f\u00e9l\u00e9vben Budapestre, sz\u00ednh\u00e1zba utaznak a di\u00e1kok. Az eredeti elk\u00e9pzel\u00e9s az...\" \/>\n<meta property=\"og:url\" content=\"https:\/\/szekacs.lutheran.hu\/iskola\/az-operettszinhazban-jartak-a-gimnazistak\/\" \/>\n<meta property=\"og:site_name\" content=\"Sz\u00e9k\u00e1cs J\u00f3zsef Evang\u00e9likus \u00d3voda, \u00c1ltal\u00e1nos Iskola \u00e9s Gimn\u00e1zium\" \/>\n<meta property=\"article:published_time\" content=\"2020-02-25T11:42:38+00:00\" \/>\n<meta property=\"article:modified_time\" content=\"2020-02-25T11:44:15+00:00\" \/>\n<meta property=\"og:image\" content=\"https:\/\/szekacs.lutheran.hu\/iskola\/wp-content\/uploads\/2020\/02\/Operettszinhaz-2020.jpg\" \/>\n\t<meta property=\"og:image:width\" content=\"1920\" \/>\n\t<meta property=\"og:image:height\" content=\"1920\" \/>\n\t<meta property=\"og:image:type\" content=\"image\/jpeg\" \/>\n<meta name=\"author\" content=\"admin\" \/>\n<meta name=\"twitter:card\" content=\"summary_large_image\" \/>\n<meta name=\"twitter:label1\" content=\"Szerz\u0151:\" \/>\n\t<meta name=\"twitter:data1\" content=\"admin\" \/>\n\t<meta name=\"twitter:label2\" content=\"Becs\u00fclt olvas\u00e1si id\u0151\" \/>\n\t<meta name=\"twitter:data2\" content=\"2 perc\" \/>\n<script type=\"application\/ld+json\" class=\"yoast-schema-graph\">{\"@context\":\"https:\/\/schema.org\",\"@graph\":[{\"@type\":\"WebPage\",\"@id\":\"https:\/\/szekacs.lutheran.hu\/iskola\/az-operettszinhazban-jartak-a-gimnazistak\/\",\"url\":\"https:\/\/szekacs.lutheran.hu\/iskola\/az-operettszinhazban-jartak-a-gimnazistak\/\",\"name\":\"Az Operettsz\u00ednh\u00e1zban j\u00e1rtak a gimnazist\u00e1k - Sz\u00e9k\u00e1cs J\u00f3zsef Evang\u00e9likus \u00d3voda, \u00c1ltal\u00e1nos Iskola \u00e9s Gimn\u00e1zium\",\"isPartOf\":{\"@id\":\"https:\/\/szekacs.lutheran.hu\/iskola\/#website\"},\"primaryImageOfPage\":{\"@id\":\"https:\/\/szekacs.lutheran.hu\/iskola\/az-operettszinhazban-jartak-a-gimnazistak\/#primaryimage\"},\"image\":{\"@id\":\"https:\/\/szekacs.lutheran.hu\/iskola\/az-operettszinhazban-jartak-a-gimnazistak\/#primaryimage\"},\"thumbnailUrl\":\"https:\/\/szekacs.lutheran.hu\/iskola\/wp-content\/uploads\/2020\/02\/Operettszinhaz-2020.jpg\",\"datePublished\":\"2020-02-25T11:42:38+00:00\",\"dateModified\":\"2020-02-25T11:44:15+00:00\",\"author\":{\"@id\":\"https:\/\/szekacs.lutheran.hu\/iskola\/#\/schema\/person\/c2ed2e14631babb098c586494bc7d5df\"},\"breadcrumb\":{\"@id\":\"https:\/\/szekacs.lutheran.hu\/iskola\/az-operettszinhazban-jartak-a-gimnazistak\/#breadcrumb\"},\"inLanguage\":\"hu\",\"potentialAction\":[{\"@type\":\"ReadAction\",\"target\":[\"https:\/\/szekacs.lutheran.hu\/iskola\/az-operettszinhazban-jartak-a-gimnazistak\/\"]}]},{\"@type\":\"ImageObject\",\"inLanguage\":\"hu\",\"@id\":\"https:\/\/szekacs.lutheran.hu\/iskola\/az-operettszinhazban-jartak-a-gimnazistak\/#primaryimage\",\"url\":\"https:\/\/szekacs.lutheran.hu\/iskola\/wp-content\/uploads\/2020\/02\/Operettszinhaz-2020.jpg\",\"contentUrl\":\"https:\/\/szekacs.lutheran.hu\/iskola\/wp-content\/uploads\/2020\/02\/Operettszinhaz-2020.jpg\",\"width\":1920,\"height\":1920},{\"@type\":\"BreadcrumbList\",\"@id\":\"https:\/\/szekacs.lutheran.hu\/iskola\/az-operettszinhazban-jartak-a-gimnazistak\/#breadcrumb\",\"itemListElement\":[{\"@type\":\"ListItem\",\"position\":1,\"name\":\"Home\",\"item\":\"https:\/\/szekacs.lutheran.hu\/iskola\/\"},{\"@type\":\"ListItem\",\"position\":2,\"name\":\"Az Operettsz\u00ednh\u00e1zban j\u00e1rtak a gimnazist\u00e1k\"}]},{\"@type\":\"WebSite\",\"@id\":\"https:\/\/szekacs.lutheran.hu\/iskola\/#website\",\"url\":\"https:\/\/szekacs.lutheran.hu\/iskola\/\",\"name\":\"Sz\u00e9k\u00e1cs J\u00f3zsef Evang\u00e9likus \u00d3voda, \u00c1ltal\u00e1nos Iskola \u00e9s Gimn\u00e1zium\",\"description\":\"\",\"potentialAction\":[{\"@type\":\"SearchAction\",\"target\":{\"@type\":\"EntryPoint\",\"urlTemplate\":\"https:\/\/szekacs.lutheran.hu\/iskola\/?s={search_term_string}\"},\"query-input\":{\"@type\":\"PropertyValueSpecification\",\"valueRequired\":true,\"valueName\":\"search_term_string\"}}],\"inLanguage\":\"hu\"},{\"@type\":\"Person\",\"@id\":\"https:\/\/szekacs.lutheran.hu\/iskola\/#\/schema\/person\/c2ed2e14631babb098c586494bc7d5df\",\"name\":\"admin\",\"image\":{\"@type\":\"ImageObject\",\"inLanguage\":\"hu\",\"@id\":\"https:\/\/szekacs.lutheran.hu\/iskola\/#\/schema\/person\/image\/\",\"url\":\"https:\/\/secure.gravatar.com\/avatar\/2d9a947cd9a162ca4e5eb73e817e43edd8dcbc6e501b39fb999fb53d65e181f4?s=96&d=mm&r=g\",\"contentUrl\":\"https:\/\/secure.gravatar.com\/avatar\/2d9a947cd9a162ca4e5eb73e817e43edd8dcbc6e501b39fb999fb53d65e181f4?s=96&d=mm&r=g\",\"caption\":\"admin\"},\"url\":\"https:\/\/szekacs.lutheran.hu\/iskola\/author\/admin\/\"}]}<\/script>\n<!-- \/ Yoast SEO plugin. -->","yoast_head_json":{"title":"Az Operettsz\u00ednh\u00e1zban j\u00e1rtak a gimnazist\u00e1k - Sz\u00e9k\u00e1cs J\u00f3zsef Evang\u00e9likus \u00d3voda, \u00c1ltal\u00e1nos Iskola \u00e9s Gimn\u00e1zium","robots":{"index":"index","follow":"follow","max-snippet":"max-snippet:-1","max-image-preview":"max-image-preview:large","max-video-preview":"max-video-preview:-1"},"canonical":"https:\/\/szekacs.lutheran.hu\/iskola\/az-operettszinhazban-jartak-a-gimnazistak\/","og_locale":"hu_HU","og_type":"article","og_title":"Az Operettsz\u00ednh\u00e1zban j\u00e1rtak a gimnazist\u00e1k - Sz\u00e9k\u00e1cs J\u00f3zsef Evang\u00e9likus \u00d3voda, \u00c1ltal\u00e1nos Iskola \u00e9s Gimn\u00e1zium","og_description":"K\u00f6zel 20 \u00e9ves hagyom\u00e1ny a gimn\u00e1ziumi oszt\u00e1lyainkban, hogy a m\u00e1sodik f\u00e9l\u00e9vben Budapestre, sz\u00ednh\u00e1zba utaznak a di\u00e1kok. Az eredeti elk\u00e9pzel\u00e9s az...","og_url":"https:\/\/szekacs.lutheran.hu\/iskola\/az-operettszinhazban-jartak-a-gimnazistak\/","og_site_name":"Sz\u00e9k\u00e1cs J\u00f3zsef Evang\u00e9likus \u00d3voda, \u00c1ltal\u00e1nos Iskola \u00e9s Gimn\u00e1zium","article_published_time":"2020-02-25T11:42:38+00:00","article_modified_time":"2020-02-25T11:44:15+00:00","og_image":[{"width":1920,"height":1920,"url":"https:\/\/szekacs.lutheran.hu\/iskola\/wp-content\/uploads\/2020\/02\/Operettszinhaz-2020.jpg","type":"image\/jpeg"}],"author":"admin","twitter_card":"summary_large_image","twitter_misc":{"Szerz\u0151:":"admin","Becs\u00fclt olvas\u00e1si id\u0151":"2 perc"},"schema":{"@context":"https:\/\/schema.org","@graph":[{"@type":"WebPage","@id":"https:\/\/szekacs.lutheran.hu\/iskola\/az-operettszinhazban-jartak-a-gimnazistak\/","url":"https:\/\/szekacs.lutheran.hu\/iskola\/az-operettszinhazban-jartak-a-gimnazistak\/","name":"Az Operettsz\u00ednh\u00e1zban j\u00e1rtak a gimnazist\u00e1k - Sz\u00e9k\u00e1cs J\u00f3zsef Evang\u00e9likus \u00d3voda, \u00c1ltal\u00e1nos Iskola \u00e9s Gimn\u00e1zium","isPartOf":{"@id":"https:\/\/szekacs.lutheran.hu\/iskola\/#website"},"primaryImageOfPage":{"@id":"https:\/\/szekacs.lutheran.hu\/iskola\/az-operettszinhazban-jartak-a-gimnazistak\/#primaryimage"},"image":{"@id":"https:\/\/szekacs.lutheran.hu\/iskola\/az-operettszinhazban-jartak-a-gimnazistak\/#primaryimage"},"thumbnailUrl":"https:\/\/szekacs.lutheran.hu\/iskola\/wp-content\/uploads\/2020\/02\/Operettszinhaz-2020.jpg","datePublished":"2020-02-25T11:42:38+00:00","dateModified":"2020-02-25T11:44:15+00:00","author":{"@id":"https:\/\/szekacs.lutheran.hu\/iskola\/#\/schema\/person\/c2ed2e14631babb098c586494bc7d5df"},"breadcrumb":{"@id":"https:\/\/szekacs.lutheran.hu\/iskola\/az-operettszinhazban-jartak-a-gimnazistak\/#breadcrumb"},"inLanguage":"hu","potentialAction":[{"@type":"ReadAction","target":["https:\/\/szekacs.lutheran.hu\/iskola\/az-operettszinhazban-jartak-a-gimnazistak\/"]}]},{"@type":"ImageObject","inLanguage":"hu","@id":"https:\/\/szekacs.lutheran.hu\/iskola\/az-operettszinhazban-jartak-a-gimnazistak\/#primaryimage","url":"https:\/\/szekacs.lutheran.hu\/iskola\/wp-content\/uploads\/2020\/02\/Operettszinhaz-2020.jpg","contentUrl":"https:\/\/szekacs.lutheran.hu\/iskola\/wp-content\/uploads\/2020\/02\/Operettszinhaz-2020.jpg","width":1920,"height":1920},{"@type":"BreadcrumbList","@id":"https:\/\/szekacs.lutheran.hu\/iskola\/az-operettszinhazban-jartak-a-gimnazistak\/#breadcrumb","itemListElement":[{"@type":"ListItem","position":1,"name":"Home","item":"https:\/\/szekacs.lutheran.hu\/iskola\/"},{"@type":"ListItem","position":2,"name":"Az Operettsz\u00ednh\u00e1zban j\u00e1rtak a gimnazist\u00e1k"}]},{"@type":"WebSite","@id":"https:\/\/szekacs.lutheran.hu\/iskola\/#website","url":"https:\/\/szekacs.lutheran.hu\/iskola\/","name":"Sz\u00e9k\u00e1cs J\u00f3zsef Evang\u00e9likus \u00d3voda, \u00c1ltal\u00e1nos Iskola \u00e9s Gimn\u00e1zium","description":"","potentialAction":[{"@type":"SearchAction","target":{"@type":"EntryPoint","urlTemplate":"https:\/\/szekacs.lutheran.hu\/iskola\/?s={search_term_string}"},"query-input":{"@type":"PropertyValueSpecification","valueRequired":true,"valueName":"search_term_string"}}],"inLanguage":"hu"},{"@type":"Person","@id":"https:\/\/szekacs.lutheran.hu\/iskola\/#\/schema\/person\/c2ed2e14631babb098c586494bc7d5df","name":"admin","image":{"@type":"ImageObject","inLanguage":"hu","@id":"https:\/\/szekacs.lutheran.hu\/iskola\/#\/schema\/person\/image\/","url":"https:\/\/secure.gravatar.com\/avatar\/2d9a947cd9a162ca4e5eb73e817e43edd8dcbc6e501b39fb999fb53d65e181f4?s=96&d=mm&r=g","contentUrl":"https:\/\/secure.gravatar.com\/avatar\/2d9a947cd9a162ca4e5eb73e817e43edd8dcbc6e501b39fb999fb53d65e181f4?s=96&d=mm&r=g","caption":"admin"},"url":"https:\/\/szekacs.lutheran.hu\/iskola\/author\/admin\/"}]}},"_links":{"self":[{"href":"https:\/\/szekacs.lutheran.hu\/iskola\/wp-json\/wp\/v2\/posts\/21880","targetHints":{"allow":["GET"]}}],"collection":[{"href":"https:\/\/szekacs.lutheran.hu\/iskola\/wp-json\/wp\/v2\/posts"}],"about":[{"href":"https:\/\/szekacs.lutheran.hu\/iskola\/wp-json\/wp\/v2\/types\/post"}],"author":[{"embeddable":true,"href":"https:\/\/szekacs.lutheran.hu\/iskola\/wp-json\/wp\/v2\/users\/1"}],"replies":[{"embeddable":true,"href":"https:\/\/szekacs.lutheran.hu\/iskola\/wp-json\/wp\/v2\/comments?post=21880"}],"version-history":[{"count":1,"href":"https:\/\/szekacs.lutheran.hu\/iskola\/wp-json\/wp\/v2\/posts\/21880\/revisions"}],"predecessor-version":[{"id":21882,"href":"https:\/\/szekacs.lutheran.hu\/iskola\/wp-json\/wp\/v2\/posts\/21880\/revisions\/21882"}],"wp:featuredmedia":[{"embeddable":true,"href":"https:\/\/szekacs.lutheran.hu\/iskola\/wp-json\/wp\/v2\/media\/21881"}],"wp:attachment":[{"href":"https:\/\/szekacs.lutheran.hu\/iskola\/wp-json\/wp\/v2\/media?parent=21880"}],"wp:term":[{"taxonomy":"category","embeddable":true,"href":"https:\/\/szekacs.lutheran.hu\/iskola\/wp-json\/wp\/v2\/categories?post=21880"},{"taxonomy":"post_tag","embeddable":true,"href":"https:\/\/szekacs.lutheran.hu\/iskola\/wp-json\/wp\/v2\/tags?post=21880"}],"curies":[{"name":"wp","href":"https:\/\/api.w.org\/{rel}","templated":true}]}}