{"id":19914,"date":"2019-12-16T20:49:48","date_gmt":"2019-12-16T20:49:48","guid":{"rendered":"https:\/\/szekacs.lutheran.hu\/iskola\/?p=19914"},"modified":"2020-02-18T13:45:44","modified_gmt":"2020-02-18T13:45:44","slug":"kolcsey-verseny","status":"publish","type":"post","link":"https:\/\/szekacs.lutheran.hu\/iskola\/kolcsey-verseny\/","title":{"rendered":"K\u00f6lcsey verseny 2020"},"content":{"rendered":"<div id=\"cmsmasters_row_i4oo32diin\" class=\"cmsmasters_row cmsmasters_color_scheme_default cmsmasters_row_top_default cmsmasters_row_bot_default cmsmasters_row_boxed\">\n<div class=\"cmsmasters_row_outer_parent\">\n<div class=\"cmsmasters_row_outer\">\n<div class=\"cmsmasters_row_inner\">\n<div class=\"cmsmasters_row_margin\">\n<div id=\"cmsmasters_column_2lzk4f2kl2\" class=\"cmsmasters_column one_first\">\n<div class=\"cmsmasters_column_inner\"><div class=\"cmsmasters_text\">\n<p>2020. janu\u00e1r 17-\u00e9n rendezi iskol\u00e1nk a hagyom\u00e1nyos K\u00f6lcsey versenyt. A versenyfelh\u00edv\u00e1sok let\u00f6lthet\u0151k honlapunkr\u00f3l.<\/p>\n<p><a href=\"https:\/\/szekacs.lutheran.hu\/iskola\/documents\/2019-20\/kolcsey-verseny\/igazgatoi-meghivo-2020.pdf\" target=\"_blank\" rel=\"noopener noreferrer\">Igazgat\u00f3i megh\u00edv\u00f3 &gt;&gt;<\/a><\/p>\n<p><a href=\"https:\/\/szekacs.lutheran.hu\/iskola\/documents\/2019-20\/kolcsey-verseny\/felhivas-kepzomuveszeti-es-fotopalyazat-2020.pdf\" target=\"_blank\" rel=\"noopener noreferrer\">Felh\u00edv\u00e1s &#8211; K\u00e9pz\u0151m\u0171v\u00e9szeti \u00e9s fot\u00f3p\u00e1ly\u00e1zat &gt;&gt;<\/a><\/p>\n<p><a href=\"https:\/\/szekacs.lutheran.hu\/iskola\/documents\/2019-20\/kolcsey-verseny\/felhivas-kolcsey-ferenc-nepdaleneklesi-verseny-2020.pdf\" target=\"_blank\" rel=\"noopener noreferrer\">Felh\u00edv\u00e1s &#8211; K\u00f6lcsey Ferenc n\u00e9pdal\u00e9nekl\u00e9si verseny &gt;&gt;<\/a><\/p>\n<p><a href=\"https:\/\/szekacs.lutheran.hu\/iskola\/documents\/2019-20\/kolcsey-verseny\/felhivas-kolcsey-ferenc-versmondo-verseny-2020.pdf\" target=\"_blank\" rel=\"noopener noreferrer\">Felh\u00edv\u00e1s &#8211; K\u00f6lcsey Ferenc versmond\u00f3 verseny &gt;&gt;<\/a><\/p>\n<p><a href=\"https:\/\/szekacs.lutheran.hu\/iskola\/documents\/2019-20\/kolcsey-verseny\/kolcsey-kotelezo-dal-I-kat_2020.pdf\" target=\"_blank\" rel=\"noopener noreferrer\">K\u00f6lcsey k\u00f6telez\u0151 dal\u00a0 &#8211; I. kat &gt;&gt;<\/a><\/p>\n<p><a href=\"https:\/\/szekacs.lutheran.hu\/iskola\/documents\/2019-20\/kolcsey-verseny\/kolcsey-kotelezo-dal-II-kat_2020.pdf\" target=\"_blank\" rel=\"noopener noreferrer\">K\u00f6lcsey k\u00f6telez\u0151 dal &#8211; II. kat &gt;&gt;<\/a><\/p>\n<p><a href=\"https:\/\/szekacs.lutheran.hu\/iskola\/documents\/2019-20\/kolcsey-verseny\/kolcsey-kotelezo-dal-III-kat_2020.pdf\" target=\"_blank\" rel=\"noopener noreferrer\">K\u00f6lcsey k\u00f6telez\u0151 dal &#8211; III. kat &gt;&gt;<\/a><\/p>\n<p>&nbsp;<\/p>\n<p><a href=\"https:\/\/docs.google.com\/forms\/d\/e\/1FAIpQLSftpbIo3Nh4BHWQjDHUPLRPs8BSdXC6yssFf4k4oY9jlsubZA\/viewform\">Jelentkez\u00e9si \u0171rlap: Szaval\u00f3verseny &gt;&gt;<\/a><\/p>\n<p><a href=\"https:\/\/docs.google.com\/forms\/d\/e\/1FAIpQLSc-GVnHUT3azqiLEhifZ4ALdeI1ArnPT0Vy2APyJ5c7GXLaYA\/viewform\">Jelentkez\u00e9si \u0171rlap: N\u00e9pdal\u00e9nekl\u00e9si verseny &gt;&gt;<\/a><\/p>\n<p><a href=\"https:\/\/docs.google.com\/forms\/d\/e\/1FAIpQLSfzpcd255Cm2cs3L89ASV280yvGuZSHxIC6TAHOQMvkJn_5_g\/viewform\">Jelentkez\u00e9si \u0171rlap:\u00a0Sz\u00e1ll\u00e1sfoglal\u00e1s &gt;&gt;<\/a><\/p>\n<\/div>\n<\/div><\/div>\n<\/div>\n<\/div>\n<\/div>\n<\/div>\n<\/div>\n\n","protected":false},"excerpt":{"rendered":"<p>2020. janu\u00e1r 17-\u00e9n rendezi iskol\u00e1nk a hagyom\u00e1nyos K\u00f6lcsey versenyt. A versenyfelh\u00edv\u00e1sok let\u00f6lthet\u0151k honlapunkr\u00f3l.<\/p>\n","protected":false},"author":1,"featured_media":19919,"comment_status":"open","ping_status":"open","sticky":false,"template":"","format":"standard","meta":{"footnotes":""},"categories":[43],"tags":[],"class_list":["post-19914","post","type-post","status-publish","format-standard","has-post-thumbnail","hentry","category-iskolai-elet"],"yoast_head":"<!-- This site is optimized with the Yoast SEO plugin v26.2 - https:\/\/yoast.com\/wordpress\/plugins\/seo\/ -->\n<title>K\u00f6lcsey verseny 2020 - Sz\u00e9k\u00e1cs J\u00f3zsef Evang\u00e9likus \u00d3voda, \u00c1ltal\u00e1nos Iskola \u00e9s Gimn\u00e1zium<\/title>\n<meta name=\"robots\" content=\"index, follow, max-snippet:-1, max-image-preview:large, max-video-preview:-1\" \/>\n<link rel=\"canonical\" href=\"https:\/\/szekacs.lutheran.hu\/iskola\/kolcsey-verseny\/\" \/>\n<meta property=\"og:locale\" content=\"hu_HU\" \/>\n<meta property=\"og:type\" content=\"article\" \/>\n<meta property=\"og:title\" content=\"K\u00f6lcsey verseny 2020 - Sz\u00e9k\u00e1cs J\u00f3zsef Evang\u00e9likus \u00d3voda, \u00c1ltal\u00e1nos Iskola \u00e9s Gimn\u00e1zium\" \/>\n<meta property=\"og:description\" content=\"2020. janu\u00e1r 17-\u00e9n rendezi iskol\u00e1nk a hagyom\u00e1nyos K\u00f6lcsey versenyt. A versenyfelh\u00edv\u00e1sok let\u00f6lthet\u0151k honlapunkr\u00f3l.\" \/>\n<meta property=\"og:url\" content=\"https:\/\/szekacs.lutheran.hu\/iskola\/kolcsey-verseny\/\" \/>\n<meta property=\"og:site_name\" content=\"Sz\u00e9k\u00e1cs J\u00f3zsef Evang\u00e9likus \u00d3voda, \u00c1ltal\u00e1nos Iskola \u00e9s Gimn\u00e1zium\" \/>\n<meta property=\"article:published_time\" content=\"2019-12-16T20:49:48+00:00\" \/>\n<meta property=\"article:modified_time\" content=\"2020-02-18T13:45:44+00:00\" \/>\n<meta property=\"og:image\" content=\"https:\/\/szekacs.lutheran.hu\/iskola\/wp-content\/uploads\/2019\/12\/20190118_kolcsey_verseny_040.jpg\" \/>\n\t<meta property=\"og:image:width\" content=\"800\" \/>\n\t<meta property=\"og:image:height\" content=\"533\" \/>\n\t<meta property=\"og:image:type\" content=\"image\/jpeg\" \/>\n<meta name=\"author\" content=\"admin\" \/>\n<meta name=\"twitter:card\" content=\"summary_large_image\" \/>\n<meta name=\"twitter:label1\" content=\"Szerz\u0151:\" \/>\n\t<meta name=\"twitter:data1\" content=\"admin\" \/>\n\t<meta name=\"twitter:label2\" content=\"Becs\u00fclt olvas\u00e1si id\u0151\" \/>\n\t<meta name=\"twitter:data2\" content=\"1 perc\" \/>\n<script type=\"application\/ld+json\" class=\"yoast-schema-graph\">{\"@context\":\"https:\/\/schema.org\",\"@graph\":[{\"@type\":\"WebPage\",\"@id\":\"https:\/\/szekacs.lutheran.hu\/iskola\/kolcsey-verseny\/\",\"url\":\"https:\/\/szekacs.lutheran.hu\/iskola\/kolcsey-verseny\/\",\"name\":\"K\u00f6lcsey verseny 2020 - Sz\u00e9k\u00e1cs J\u00f3zsef Evang\u00e9likus \u00d3voda, \u00c1ltal\u00e1nos Iskola \u00e9s Gimn\u00e1zium\",\"isPartOf\":{\"@id\":\"https:\/\/szekacs.lutheran.hu\/iskola\/#website\"},\"primaryImageOfPage\":{\"@id\":\"https:\/\/szekacs.lutheran.hu\/iskola\/kolcsey-verseny\/#primaryimage\"},\"image\":{\"@id\":\"https:\/\/szekacs.lutheran.hu\/iskola\/kolcsey-verseny\/#primaryimage\"},\"thumbnailUrl\":\"https:\/\/szekacs.lutheran.hu\/iskola\/wp-content\/uploads\/2019\/12\/20190118_kolcsey_verseny_040.jpg\",\"datePublished\":\"2019-12-16T20:49:48+00:00\",\"dateModified\":\"2020-02-18T13:45:44+00:00\",\"author\":{\"@id\":\"https:\/\/szekacs.lutheran.hu\/iskola\/#\/schema\/person\/c2ed2e14631babb098c586494bc7d5df\"},\"breadcrumb\":{\"@id\":\"https:\/\/szekacs.lutheran.hu\/iskola\/kolcsey-verseny\/#breadcrumb\"},\"inLanguage\":\"hu\",\"potentialAction\":[{\"@type\":\"ReadAction\",\"target\":[\"https:\/\/szekacs.lutheran.hu\/iskola\/kolcsey-verseny\/\"]}]},{\"@type\":\"ImageObject\",\"inLanguage\":\"hu\",\"@id\":\"https:\/\/szekacs.lutheran.hu\/iskola\/kolcsey-verseny\/#primaryimage\",\"url\":\"https:\/\/szekacs.lutheran.hu\/iskola\/wp-content\/uploads\/2019\/12\/20190118_kolcsey_verseny_040.jpg\",\"contentUrl\":\"https:\/\/szekacs.lutheran.hu\/iskola\/wp-content\/uploads\/2019\/12\/20190118_kolcsey_verseny_040.jpg\",\"width\":800,\"height\":533},{\"@type\":\"BreadcrumbList\",\"@id\":\"https:\/\/szekacs.lutheran.hu\/iskola\/kolcsey-verseny\/#breadcrumb\",\"itemListElement\":[{\"@type\":\"ListItem\",\"position\":1,\"name\":\"Home\",\"item\":\"https:\/\/szekacs.lutheran.hu\/iskola\/\"},{\"@type\":\"ListItem\",\"position\":2,\"name\":\"K\u00f6lcsey verseny 2020\"}]},{\"@type\":\"WebSite\",\"@id\":\"https:\/\/szekacs.lutheran.hu\/iskola\/#website\",\"url\":\"https:\/\/szekacs.lutheran.hu\/iskola\/\",\"name\":\"Sz\u00e9k\u00e1cs J\u00f3zsef Evang\u00e9likus \u00d3voda, \u00c1ltal\u00e1nos Iskola \u00e9s Gimn\u00e1zium\",\"description\":\"\",\"potentialAction\":[{\"@type\":\"SearchAction\",\"target\":{\"@type\":\"EntryPoint\",\"urlTemplate\":\"https:\/\/szekacs.lutheran.hu\/iskola\/?s={search_term_string}\"},\"query-input\":{\"@type\":\"PropertyValueSpecification\",\"valueRequired\":true,\"valueName\":\"search_term_string\"}}],\"inLanguage\":\"hu\"},{\"@type\":\"Person\",\"@id\":\"https:\/\/szekacs.lutheran.hu\/iskola\/#\/schema\/person\/c2ed2e14631babb098c586494bc7d5df\",\"name\":\"admin\",\"image\":{\"@type\":\"ImageObject\",\"inLanguage\":\"hu\",\"@id\":\"https:\/\/szekacs.lutheran.hu\/iskola\/#\/schema\/person\/image\/\",\"url\":\"https:\/\/secure.gravatar.com\/avatar\/2d9a947cd9a162ca4e5eb73e817e43edd8dcbc6e501b39fb999fb53d65e181f4?s=96&d=mm&r=g\",\"contentUrl\":\"https:\/\/secure.gravatar.com\/avatar\/2d9a947cd9a162ca4e5eb73e817e43edd8dcbc6e501b39fb999fb53d65e181f4?s=96&d=mm&r=g\",\"caption\":\"admin\"},\"url\":\"https:\/\/szekacs.lutheran.hu\/iskola\/author\/admin\/\"}]}<\/script>\n<!-- \/ Yoast SEO plugin. -->","yoast_head_json":{"title":"K\u00f6lcsey verseny 2020 - Sz\u00e9k\u00e1cs J\u00f3zsef Evang\u00e9likus \u00d3voda, \u00c1ltal\u00e1nos Iskola \u00e9s Gimn\u00e1zium","robots":{"index":"index","follow":"follow","max-snippet":"max-snippet:-1","max-image-preview":"max-image-preview:large","max-video-preview":"max-video-preview:-1"},"canonical":"https:\/\/szekacs.lutheran.hu\/iskola\/kolcsey-verseny\/","og_locale":"hu_HU","og_type":"article","og_title":"K\u00f6lcsey verseny 2020 - Sz\u00e9k\u00e1cs J\u00f3zsef Evang\u00e9likus \u00d3voda, \u00c1ltal\u00e1nos Iskola \u00e9s Gimn\u00e1zium","og_description":"2020. janu\u00e1r 17-\u00e9n rendezi iskol\u00e1nk a hagyom\u00e1nyos K\u00f6lcsey versenyt. A versenyfelh\u00edv\u00e1sok let\u00f6lthet\u0151k honlapunkr\u00f3l.","og_url":"https:\/\/szekacs.lutheran.hu\/iskola\/kolcsey-verseny\/","og_site_name":"Sz\u00e9k\u00e1cs J\u00f3zsef Evang\u00e9likus \u00d3voda, \u00c1ltal\u00e1nos Iskola \u00e9s Gimn\u00e1zium","article_published_time":"2019-12-16T20:49:48+00:00","article_modified_time":"2020-02-18T13:45:44+00:00","og_image":[{"width":800,"height":533,"url":"https:\/\/szekacs.lutheran.hu\/iskola\/wp-content\/uploads\/2019\/12\/20190118_kolcsey_verseny_040.jpg","type":"image\/jpeg"}],"author":"admin","twitter_card":"summary_large_image","twitter_misc":{"Szerz\u0151:":"admin","Becs\u00fclt olvas\u00e1si id\u0151":"1 perc"},"schema":{"@context":"https:\/\/schema.org","@graph":[{"@type":"WebPage","@id":"https:\/\/szekacs.lutheran.hu\/iskola\/kolcsey-verseny\/","url":"https:\/\/szekacs.lutheran.hu\/iskola\/kolcsey-verseny\/","name":"K\u00f6lcsey verseny 2020 - Sz\u00e9k\u00e1cs J\u00f3zsef Evang\u00e9likus \u00d3voda, \u00c1ltal\u00e1nos Iskola \u00e9s Gimn\u00e1zium","isPartOf":{"@id":"https:\/\/szekacs.lutheran.hu\/iskola\/#website"},"primaryImageOfPage":{"@id":"https:\/\/szekacs.lutheran.hu\/iskola\/kolcsey-verseny\/#primaryimage"},"image":{"@id":"https:\/\/szekacs.lutheran.hu\/iskola\/kolcsey-verseny\/#primaryimage"},"thumbnailUrl":"https:\/\/szekacs.lutheran.hu\/iskola\/wp-content\/uploads\/2019\/12\/20190118_kolcsey_verseny_040.jpg","datePublished":"2019-12-16T20:49:48+00:00","dateModified":"2020-02-18T13:45:44+00:00","author":{"@id":"https:\/\/szekacs.lutheran.hu\/iskola\/#\/schema\/person\/c2ed2e14631babb098c586494bc7d5df"},"breadcrumb":{"@id":"https:\/\/szekacs.lutheran.hu\/iskola\/kolcsey-verseny\/#breadcrumb"},"inLanguage":"hu","potentialAction":[{"@type":"ReadAction","target":["https:\/\/szekacs.lutheran.hu\/iskola\/kolcsey-verseny\/"]}]},{"@type":"ImageObject","inLanguage":"hu","@id":"https:\/\/szekacs.lutheran.hu\/iskola\/kolcsey-verseny\/#primaryimage","url":"https:\/\/szekacs.lutheran.hu\/iskola\/wp-content\/uploads\/2019\/12\/20190118_kolcsey_verseny_040.jpg","contentUrl":"https:\/\/szekacs.lutheran.hu\/iskola\/wp-content\/uploads\/2019\/12\/20190118_kolcsey_verseny_040.jpg","width":800,"height":533},{"@type":"BreadcrumbList","@id":"https:\/\/szekacs.lutheran.hu\/iskola\/kolcsey-verseny\/#breadcrumb","itemListElement":[{"@type":"ListItem","position":1,"name":"Home","item":"https:\/\/szekacs.lutheran.hu\/iskola\/"},{"@type":"ListItem","position":2,"name":"K\u00f6lcsey verseny 2020"}]},{"@type":"WebSite","@id":"https:\/\/szekacs.lutheran.hu\/iskola\/#website","url":"https:\/\/szekacs.lutheran.hu\/iskola\/","name":"Sz\u00e9k\u00e1cs J\u00f3zsef Evang\u00e9likus \u00d3voda, \u00c1ltal\u00e1nos Iskola \u00e9s Gimn\u00e1zium","description":"","potentialAction":[{"@type":"SearchAction","target":{"@type":"EntryPoint","urlTemplate":"https:\/\/szekacs.lutheran.hu\/iskola\/?s={search_term_string}"},"query-input":{"@type":"PropertyValueSpecification","valueRequired":true,"valueName":"search_term_string"}}],"inLanguage":"hu"},{"@type":"Person","@id":"https:\/\/szekacs.lutheran.hu\/iskola\/#\/schema\/person\/c2ed2e14631babb098c586494bc7d5df","name":"admin","image":{"@type":"ImageObject","inLanguage":"hu","@id":"https:\/\/szekacs.lutheran.hu\/iskola\/#\/schema\/person\/image\/","url":"https:\/\/secure.gravatar.com\/avatar\/2d9a947cd9a162ca4e5eb73e817e43edd8dcbc6e501b39fb999fb53d65e181f4?s=96&d=mm&r=g","contentUrl":"https:\/\/secure.gravatar.com\/avatar\/2d9a947cd9a162ca4e5eb73e817e43edd8dcbc6e501b39fb999fb53d65e181f4?s=96&d=mm&r=g","caption":"admin"},"url":"https:\/\/szekacs.lutheran.hu\/iskola\/author\/admin\/"}]}},"_links":{"self":[{"href":"https:\/\/szekacs.lutheran.hu\/iskola\/wp-json\/wp\/v2\/posts\/19914","targetHints":{"allow":["GET"]}}],"collection":[{"href":"https:\/\/szekacs.lutheran.hu\/iskola\/wp-json\/wp\/v2\/posts"}],"about":[{"href":"https:\/\/szekacs.lutheran.hu\/iskola\/wp-json\/wp\/v2\/types\/post"}],"author":[{"embeddable":true,"href":"https:\/\/szekacs.lutheran.hu\/iskola\/wp-json\/wp\/v2\/users\/1"}],"replies":[{"embeddable":true,"href":"https:\/\/szekacs.lutheran.hu\/iskola\/wp-json\/wp\/v2\/comments?post=19914"}],"version-history":[{"count":4,"href":"https:\/\/szekacs.lutheran.hu\/iskola\/wp-json\/wp\/v2\/posts\/19914\/revisions"}],"predecessor-version":[{"id":19935,"href":"https:\/\/szekacs.lutheran.hu\/iskola\/wp-json\/wp\/v2\/posts\/19914\/revisions\/19935"}],"wp:featuredmedia":[{"embeddable":true,"href":"https:\/\/szekacs.lutheran.hu\/iskola\/wp-json\/wp\/v2\/media\/19919"}],"wp:attachment":[{"href":"https:\/\/szekacs.lutheran.hu\/iskola\/wp-json\/wp\/v2\/media?parent=19914"}],"wp:term":[{"taxonomy":"category","embeddable":true,"href":"https:\/\/szekacs.lutheran.hu\/iskola\/wp-json\/wp\/v2\/categories?post=19914"},{"taxonomy":"post_tag","embeddable":true,"href":"https:\/\/szekacs.lutheran.hu\/iskola\/wp-json\/wp\/v2\/tags?post=19914"}],"curies":[{"name":"wp","href":"https:\/\/api.w.org\/{rel}","templated":true}]}}