{"id":19843,"date":"2019-05-27T21:51:32","date_gmt":"2019-05-27T21:51:32","guid":{"rendered":"https:\/\/szekacs.lutheran.hu\/iskola\/?p=19843"},"modified":"2019-12-17T10:08:41","modified_gmt":"2019-12-17T10:08:41","slug":"hatartalanul-erdely","status":"publish","type":"post","link":"https:\/\/szekacs.lutheran.hu\/iskola\/hatartalanul-erdely\/","title":{"rendered":"Hat\u00e1rtalanul &#8211; Erd\u00e9ly"},"content":{"rendered":"<div id=\"cmsmasters_row_2iblaindcc\" class=\"cmsmasters_row cmsmasters_color_scheme_default cmsmasters_row_top_default cmsmasters_row_bot_default cmsmasters_row_boxed\">\n<div class=\"cmsmasters_row_outer_parent\">\n<div class=\"cmsmasters_row_outer\">\n<div class=\"cmsmasters_row_inner\">\n<div class=\"cmsmasters_row_margin\">\n<div id=\"cmsmasters_column_twpijiwofd\" class=\"cmsmasters_column one_first\">\n<div class=\"cmsmasters_column_inner\"><div class=\"cmsmasters_text\">\n<p>A Hat\u00e1rtalanul! p\u00e1ly\u00e1zat keret\u00e9ben az Orosh\u00e1zi Sz\u00e9k\u00e1cs J\u00f3zsef Evang\u00e9likus \u00d3voda, \u00c1ltal\u00e1nos Iskola \u00e9s Gimn\u00e1zium 53 tanul\u00f3ja vett r\u00e9szt m\u00e1jus v\u00e9g\u00e9n \u00f6tnapos erd\u00e9lyi kir\u00e1ndul\u00e1son. Az \u00fat sor\u00e1n t\u00f6rt\u00e9nelmi nagyjaink eml\u00e9khelyei el\u0151tt eml\u00e9kezt\u00fcnk, \u00e9s t\u00far\u00e1ztunk csod\u00e1latos term\u00e9szeti t\u00e1jakon.<\/p>\n<p>Orosh\u00e1z\u00e1r\u00f3l indulva az els\u0151 meg\u00e1ll\u00f3nk Nagyv\u00e1radon volt. Megtekintett\u00fck a mi m\u00e9reteinkhez k\u00e9pest hatalmas r\u00f3mai katolikus p\u00fcsp\u00f6ki sz\u00e9kesegyh\u00e1zat, a kincst\u00e1r kincseit, a sz\u00e9kesegyh\u00e1z el\u0151tt \u00e1ll\u00f3 Szent L\u00e1szl\u00f3 szobrot. Idegenvezet\u0151nk a v\u00e1ros m\u00faltj\u00e1r\u00f3l, \u00e9s hajdani kultur\u00e1lis \u00e9let\u00e9r\u0151l is mes\u00e9lt csoportunknak.<\/p>\n<p>Utunkat tov\u00e1bb folytatva k\u00f6vetkez\u0151 r\u00f6vid meg\u00e1ll\u00f3nk Kolozsv\u00e1ron volt. Tisztelegt\u00fcnk M\u00e1ty\u00e1s kir\u00e1ly sz\u00fcl\u0151h\u00e1za el\u0151tt. A t\u00f6rt\u00e9nelmi \u00e9s hit\u00e9leti eml\u00e9khelyek felkeres\u00e9se ut\u00e1n a term\u00e9szet sz\u00e9ps\u00e9geiben gy\u00f6ny\u00f6rk\u00f6dhett\u00fcnk. A Tordai-hasad\u00e9k v\u00f6lgy\u00e9ben szerett\u00fcnk volna s\u00e9t\u00e1t tenni. Sajnos az er\u0151s es\u0151z\u00e9sek miatt nem l\u00e1ttuk biztons\u00e1gosnak a v\u00f6lgyb\u00e9li t\u00far\u00e1t, ez\u00e9rt a fels\u0151 plat\u00f3r\u00f3l n\u00e9zt\u00fcnk le a hasad\u00e9kra, ott ismerkedt\u00fcnk meg a csod\u00e1latos szurdokv\u00f6lgy keletkez\u00e9s\u00e9vel. Sz\u00e9p \u00e9lm\u00e9nyekkel gazdagodva, f\u00e1radtan \u00e9s izgalommal telve foglaltuk el k\u00e9s\u0151 este korondi sz\u00e1ll\u00e1sunkat.<\/p>\n<p>A sz\u00e9ls\u0151s\u00e9gesen rossz id\u0151j\u00e1r\u00e1s miatt az \u00f6t nap programj\u00e1ban v\u00e1ltoztatnunk kellett. Ez\u00e9rt a m\u00e1sodik napon els\u0151 meg\u00e1ll\u00f3nk Gyergy\u00f3szentmikl\u00f3son volt. Itt t\u00e1rlatvezet\u00e9ssel megtekintett\u00fck a Tariszny\u00e1s M\u00e1rton M\u00fazeum ki\u00e1ll\u00edt\u00e1sait. Megismerkedt\u00fcnk a sz\u00e9kelyek ruhak\u00e9sz\u00edt\u00e9si technik\u00e1j\u00e1val, a ruh\u00e1zatukon l\u00e1that\u00f3 d\u00edszek jelent\u00e9s\u00e9vel. Az udvaron a r\u00e9gi n\u00e9pi gazd\u00e1lkod\u00e1s eszk\u00f6zeit n\u00e9zt\u00fck meg. Dr. Jakab Gyula \u00e1sv\u00e1ny- \u00e9s k\u0151zettani gy\u0171jtem\u00e9nye v\u00e9gign\u00e9z\u00e9sekor megismert\u00fck Korond \u00e9s k\u00f6rny\u00e9ke jellemz\u0151 k\u0151zeteit, \u00e9s a nagyvil\u00e1g sz\u00e1mos pontj\u00e1r\u00f3l gy\u0171jt\u00f6tt \u00e1sv\u00e1nyokat is megcsod\u00e1lhattuk. Megkoszor\u00faztuk Pet\u0151fi S\u00e1ndor szobr\u00e1t. Borsz\u00e9ki l\u00e1togat\u00e1sunk alatt kicsit kortyoltunk a sz\u00e9n-dioxidban d\u00fas \u00e1sv\u00e1nyv\u00edzb\u0151l, amib\u0151l k\u00f3stol\u00f3ba t\u00f6bben hoztak haza is. A kutak melletti ismertet\u0151 t\u00e1bl\u00e1kr\u00f3l leolvashattuk az egyes v\u00edzforr\u00e1sok k\u00e9miai \u00f6sszet\u00e9tel\u00e9t, \u00e9lettani hat\u00e1sait. Alf\u00f6ldi gyermekk\u00e9nt mindenkit leny\u0171g\u00f6z\u00f6tt a B\u00e9k\u00e1s-szorosban a \u201ePokol tork\u00e1ban&#8221; tett s\u00e9t\u00e1nk, \u00e9s a Gyilkos-t\u00f3 sz\u00e9ps\u00e9ge, ahol l\u00e1togat\u00e1sunkkor a tavon \u00e9ppen egy ifj\u00fa h\u00e1zasp\u00e1rt fot\u00f3ztak. Nagyon meg\u00e9rintette a gyerekeket e k\u00e9psor l\u00e1tv\u00e1nya, mik\u00f6zben megismerkedtek a t\u00f3 legend\u00e1j\u00e1val. Ezen a napon M\u00e1d\u00e9falv\u00e1n a kisebbs\u00e9gek \u00f6nrendelkez\u00e9si jog\u00e1r\u00f3l, a nemzettudat m\u00e9ly tartalm\u00e1r\u00f3l besz\u00e9lgett\u00fcnk.<\/p>\n<p>Az id\u0151j\u00e1r\u00e1s-el\u0151rejelz\u00e9s szerint a harmadik nap bizonyult a legalkalmasabbnak a Madarasi-Hargit\u00e1n tett t\u00far\u00e1nkra. Sajnos az el\u0151z\u0151 \u00e9jszakai \u00e9s a d\u00e9lel\u0151tti hatalmas es\u0151 miatt aznap m\u00e1r traktorral sem lehetett felmenni a kopjaf\u00e1kig. Ez\u00e9rt programunkon v\u00e1ltoztatnunk kellett. Felkerest\u00fck Szejkef\u00fcrd\u0151t, ahol a sz\u00e9kelykapuk alatt cs\u00faszva-m\u00e1szva eljutottunk Orb\u00e1n Bal\u00e1zs s\u00edrhely\u00e9ig. Innen utunkat Sz\u00e9kelyudvarhely fel\u00e9 vett\u00fck. Csoportunk egyik tagj\u00e1nak \u00e9desapja itt sz\u00fcletett, \u00edgy tanul\u00f3nk idegenvezet\u00e9s\u00e9vel ismerkedt\u00fcnk meg a belv\u00e1ros nevezetess\u00e9geivel (Szoborpark, Vassz\u00e9kely). Ebben a v\u00e1rosban kaptak szabadid\u0151t tanul\u00f3ink, ahol egyed\u00fcl v\u00e1s\u00e1rolhattak idegen valut\u00e1val, ami izgalmas \u00e9lm\u00e9ny volt sokuknak. Utunkat folytatva Farkaslak\u00e1n \u00e1lltunk meg, ahol tisztelegt\u00fcnk Tam\u00e1si \u00c1ron s\u00edrja el\u0151tt. Tanul\u00f3ink megkerest\u00e9k tavalyi csoportunk itt letett koszor\u00faj\u00e1t. Zetelak\u00e1n megcsod\u00e1ltuk az 1880-as \u00e9vekben fel\u00e1ll\u00edtott sz\u00e9kelykapukat.<\/p>\n<p>Ezen a napon a reggelt a korondi Aragonit M\u00fazeumban kezdt\u00fck. Itt geol\u00f3gus mes\u00e9lt a Korondon tal\u00e1lhat\u00f3 aragonit lel\u0151hely keletkez\u00e9s\u00e9r\u0151l, a kib\u00e1ny\u00e1sz\u00e1s \u00e9veir\u0151l, az aragonitb\u00f3l k\u00e9sz\u00fclt t\u00e1rgyakr\u00f3l. Innen utunk Parajdra, a s\u00f3b\u00e1ny\u00e1ba vezetett. A l\u00e1togat\u00e1s ut\u00e1n visszat\u00e9rve Korondra, idegenvezet\u0151vel v\u00e9gigment\u00fcnk a Csigadombi tan\u00f6sv\u00e9nyen, ahol a gyerekek a reggel kapott geol\u00f3giai t\u00e1j\u00e9koztat\u00f3 ut\u00e1n a term\u00e9szetben l\u00e1thatt\u00e1k az aragonit hajdan volt lel\u0151helyeit. Szembes\u00fcltek az \u00e9rtelmetlen nagy\u00fczemi robbant\u00e1sos b\u00e1ny\u00e1szat rombol\u00e1s\u00e1val.<\/p>\n<p>(m\u00e1snap a rengeteg es\u0151 a kialak\u00edtott utakat k\u0151oml\u00e1ssal elz\u00e1rta, a tan\u00f6sv\u00e9nyt lez\u00e1rt\u00e1k). A d\u00e9lut\u00e1n tov\u00e1bbi r\u00e9sz\u00e9t a tanul\u00f3k eml\u00e9k- \u00e9s aj\u00e1nd\u00e9kt\u00e1rgyak v\u00e1s\u00e1rl\u00e1s\u00e1val t\u00f6lt\u00f6tt\u00e9k.<\/p>\n<p>Els\u0151 meg\u00e1ll\u00f3nk az utols\u00f3 napon Nagyenyeden volt, ahol megtekintett\u00fck a Bagolyv\u00e1rat, felid\u00e9zt\u00fck a v\u00e1rosban t\u00f6rt\u00e9nt 1849. janu\u00e1ri v\u00e9rengz\u00e9s t\u00f6rt\u00e9n\u00e9seit. Hazafel\u00e9 utunkat D\u00e9v\u00e1n szak\u00edtottuk meg. A felvon\u00f3val t\u00f6rt\u00e9n\u0151 utaz\u00e1s, a v\u00e1r romjai, \u00e9s az onnan l\u00e1tott k\u00f6rk\u00e9p leny\u0171g\u00f6zte tan\u00edtv\u00e1nyainkat.<\/p>\n<p>D\u00e9v\u00e1t\u00f3l m\u00e9g p\u00e1r sz\u00e1z kilom\u00e9ter \u00e1llt el\u0151tt\u00fcnk haz\u00e1ig. Szakad\u00f3 es\u0151ben k\u00f6sz\u00f6nt\u00fcnk el Erd\u00e9lyt\u0151l, de t\u00f6bben hangosan megfogalmazt\u00e1k, hogy csal\u00e1djukkal szeretn\u00e9nek visszat\u00e9rni ide! L\u00e1togat\u00e1sunk minden napja programokkal volt teli, idegenvezet\u0151kkel vagy a magunk el\u0151zetes ismereteivel felv\u00e9rtezve c\u00e9lba \u00e9rt\u00fcnk minden este. A napi f\u00e1radts\u00e1g m\u00e9gsem szegte kedv\u00e9t a csapatnak, reggelente \u00faj k\u00edv\u00e1ncsis\u00e1ggal folytattuk a t\u00far\u00e1t. Elm\u00e9nk \u00e9s lelk\u00fcnk m\u00e9lyen elrakt\u00e1rozott minden sz\u00e9p pillanatot!<\/p>\n<\/div>\n<\/div><\/div>\n<\/div>\n<\/div>\n<\/div>\n<\/div>\n<\/div>\n\n","protected":false},"excerpt":{"rendered":"<p>A Hat\u00e1rtalanul! p\u00e1ly\u00e1zat keret\u00e9ben az Orosh\u00e1zi Sz\u00e9k\u00e1cs J\u00f3zsef Evang\u00e9likus \u00d3voda, \u00c1ltal\u00e1nos Iskola \u00e9s Gimn\u00e1zium 53 tanul\u00f3ja vett r\u00e9szt m\u00e1jus v\u00e9g\u00e9n \u00f6tnapos erd\u00e9lyi kir\u00e1ndul\u00e1son. Az \u00fat sor\u00e1n t\u00f6rt\u00e9nelmi nagyjaink eml\u00e9khelyei el\u0151tt eml\u00e9kezt\u00fcnk, \u00e9s t\u00far\u00e1ztunk csod\u00e1latos term\u00e9szeti t\u00e1jakon.<\/p>\n","protected":false},"author":1,"featured_media":19845,"comment_status":"closed","ping_status":"closed","sticky":false,"template":"","format":"standard","meta":{"footnotes":""},"categories":[41,43],"tags":[],"class_list":["post-19843","post","type-post","status-publish","format-standard","has-post-thumbnail","hentry","category-hatartalanul","category-iskolai-elet"],"yoast_head":"<!-- This site is optimized with the Yoast SEO plugin v26.2 - https:\/\/yoast.com\/wordpress\/plugins\/seo\/ -->\n<title>Hat\u00e1rtalanul - Erd\u00e9ly - Sz\u00e9k\u00e1cs J\u00f3zsef Evang\u00e9likus \u00d3voda, \u00c1ltal\u00e1nos Iskola \u00e9s Gimn\u00e1zium<\/title>\n<meta name=\"robots\" content=\"index, follow, max-snippet:-1, max-image-preview:large, max-video-preview:-1\" \/>\n<link rel=\"canonical\" href=\"https:\/\/szekacs.lutheran.hu\/iskola\/hatartalanul-erdely\/\" \/>\n<meta property=\"og:locale\" content=\"hu_HU\" \/>\n<meta property=\"og:type\" content=\"article\" \/>\n<meta property=\"og:title\" content=\"Hat\u00e1rtalanul - Erd\u00e9ly - Sz\u00e9k\u00e1cs J\u00f3zsef Evang\u00e9likus \u00d3voda, \u00c1ltal\u00e1nos Iskola \u00e9s Gimn\u00e1zium\" \/>\n<meta property=\"og:description\" content=\"A Hat\u00e1rtalanul! p\u00e1ly\u00e1zat keret\u00e9ben az Orosh\u00e1zi Sz\u00e9k\u00e1cs J\u00f3zsef Evang\u00e9likus \u00d3voda, \u00c1ltal\u00e1nos Iskola \u00e9s Gimn\u00e1zium 53 tanul\u00f3ja vett r\u00e9szt m\u00e1jus v\u00e9g\u00e9n \u00f6tnapos erd\u00e9lyi kir\u00e1ndul\u00e1son. Az \u00fat sor\u00e1n t\u00f6rt\u00e9nelmi nagyjaink eml\u00e9khelyei el\u0151tt eml\u00e9kezt\u00fcnk, \u00e9s t\u00far\u00e1ztunk csod\u00e1latos term\u00e9szeti t\u00e1jakon.\" \/>\n<meta property=\"og:url\" content=\"https:\/\/szekacs.lutheran.hu\/iskola\/hatartalanul-erdely\/\" \/>\n<meta property=\"og:site_name\" content=\"Sz\u00e9k\u00e1cs J\u00f3zsef Evang\u00e9likus \u00d3voda, \u00c1ltal\u00e1nos Iskola \u00e9s Gimn\u00e1zium\" \/>\n<meta property=\"article:published_time\" content=\"2019-05-27T21:51:32+00:00\" \/>\n<meta property=\"article:modified_time\" content=\"2019-12-17T10:08:41+00:00\" \/>\n<meta property=\"og:image\" content=\"https:\/\/szekacs.lutheran.hu\/iskola\/wp-content\/uploads\/2019\/12\/20190527_hatartalanul_kirandulas_099.jpg\" \/>\n\t<meta property=\"og:image:width\" content=\"800\" \/>\n\t<meta property=\"og:image:height\" content=\"533\" \/>\n\t<meta property=\"og:image:type\" content=\"image\/jpeg\" \/>\n<meta name=\"author\" content=\"admin\" \/>\n<meta name=\"twitter:card\" content=\"summary_large_image\" \/>\n<meta name=\"twitter:label1\" content=\"Szerz\u0151:\" \/>\n\t<meta name=\"twitter:data1\" content=\"admin\" \/>\n\t<meta name=\"twitter:label2\" content=\"Becs\u00fclt olvas\u00e1si id\u0151\" \/>\n\t<meta name=\"twitter:data2\" content=\"6 perc\" \/>\n<script type=\"application\/ld+json\" class=\"yoast-schema-graph\">{\"@context\":\"https:\/\/schema.org\",\"@graph\":[{\"@type\":\"WebPage\",\"@id\":\"https:\/\/szekacs.lutheran.hu\/iskola\/hatartalanul-erdely\/\",\"url\":\"https:\/\/szekacs.lutheran.hu\/iskola\/hatartalanul-erdely\/\",\"name\":\"Hat\u00e1rtalanul - Erd\u00e9ly - Sz\u00e9k\u00e1cs J\u00f3zsef Evang\u00e9likus \u00d3voda, \u00c1ltal\u00e1nos Iskola \u00e9s Gimn\u00e1zium\",\"isPartOf\":{\"@id\":\"https:\/\/szekacs.lutheran.hu\/iskola\/#website\"},\"primaryImageOfPage\":{\"@id\":\"https:\/\/szekacs.lutheran.hu\/iskola\/hatartalanul-erdely\/#primaryimage\"},\"image\":{\"@id\":\"https:\/\/szekacs.lutheran.hu\/iskola\/hatartalanul-erdely\/#primaryimage\"},\"thumbnailUrl\":\"https:\/\/szekacs.lutheran.hu\/iskola\/wp-content\/uploads\/2019\/12\/20190527_hatartalanul_kirandulas_099.jpg\",\"datePublished\":\"2019-05-27T21:51:32+00:00\",\"dateModified\":\"2019-12-17T10:08:41+00:00\",\"author\":{\"@id\":\"https:\/\/szekacs.lutheran.hu\/iskola\/#\/schema\/person\/c2ed2e14631babb098c586494bc7d5df\"},\"breadcrumb\":{\"@id\":\"https:\/\/szekacs.lutheran.hu\/iskola\/hatartalanul-erdely\/#breadcrumb\"},\"inLanguage\":\"hu\",\"potentialAction\":[{\"@type\":\"ReadAction\",\"target\":[\"https:\/\/szekacs.lutheran.hu\/iskola\/hatartalanul-erdely\/\"]}]},{\"@type\":\"ImageObject\",\"inLanguage\":\"hu\",\"@id\":\"https:\/\/szekacs.lutheran.hu\/iskola\/hatartalanul-erdely\/#primaryimage\",\"url\":\"https:\/\/szekacs.lutheran.hu\/iskola\/wp-content\/uploads\/2019\/12\/20190527_hatartalanul_kirandulas_099.jpg\",\"contentUrl\":\"https:\/\/szekacs.lutheran.hu\/iskola\/wp-content\/uploads\/2019\/12\/20190527_hatartalanul_kirandulas_099.jpg\",\"width\":800,\"height\":533},{\"@type\":\"BreadcrumbList\",\"@id\":\"https:\/\/szekacs.lutheran.hu\/iskola\/hatartalanul-erdely\/#breadcrumb\",\"itemListElement\":[{\"@type\":\"ListItem\",\"position\":1,\"name\":\"Home\",\"item\":\"https:\/\/szekacs.lutheran.hu\/iskola\/\"},{\"@type\":\"ListItem\",\"position\":2,\"name\":\"Hat\u00e1rtalanul &#8211; Erd\u00e9ly\"}]},{\"@type\":\"WebSite\",\"@id\":\"https:\/\/szekacs.lutheran.hu\/iskola\/#website\",\"url\":\"https:\/\/szekacs.lutheran.hu\/iskola\/\",\"name\":\"Sz\u00e9k\u00e1cs J\u00f3zsef Evang\u00e9likus \u00d3voda, \u00c1ltal\u00e1nos Iskola \u00e9s Gimn\u00e1zium\",\"description\":\"\",\"potentialAction\":[{\"@type\":\"SearchAction\",\"target\":{\"@type\":\"EntryPoint\",\"urlTemplate\":\"https:\/\/szekacs.lutheran.hu\/iskola\/?s={search_term_string}\"},\"query-input\":{\"@type\":\"PropertyValueSpecification\",\"valueRequired\":true,\"valueName\":\"search_term_string\"}}],\"inLanguage\":\"hu\"},{\"@type\":\"Person\",\"@id\":\"https:\/\/szekacs.lutheran.hu\/iskola\/#\/schema\/person\/c2ed2e14631babb098c586494bc7d5df\",\"name\":\"admin\",\"image\":{\"@type\":\"ImageObject\",\"inLanguage\":\"hu\",\"@id\":\"https:\/\/szekacs.lutheran.hu\/iskola\/#\/schema\/person\/image\/\",\"url\":\"https:\/\/secure.gravatar.com\/avatar\/2d9a947cd9a162ca4e5eb73e817e43edd8dcbc6e501b39fb999fb53d65e181f4?s=96&d=mm&r=g\",\"contentUrl\":\"https:\/\/secure.gravatar.com\/avatar\/2d9a947cd9a162ca4e5eb73e817e43edd8dcbc6e501b39fb999fb53d65e181f4?s=96&d=mm&r=g\",\"caption\":\"admin\"},\"url\":\"https:\/\/szekacs.lutheran.hu\/iskola\/author\/admin\/\"}]}<\/script>\n<!-- \/ Yoast SEO plugin. -->","yoast_head_json":{"title":"Hat\u00e1rtalanul - Erd\u00e9ly - Sz\u00e9k\u00e1cs J\u00f3zsef Evang\u00e9likus \u00d3voda, \u00c1ltal\u00e1nos Iskola \u00e9s Gimn\u00e1zium","robots":{"index":"index","follow":"follow","max-snippet":"max-snippet:-1","max-image-preview":"max-image-preview:large","max-video-preview":"max-video-preview:-1"},"canonical":"https:\/\/szekacs.lutheran.hu\/iskola\/hatartalanul-erdely\/","og_locale":"hu_HU","og_type":"article","og_title":"Hat\u00e1rtalanul - Erd\u00e9ly - Sz\u00e9k\u00e1cs J\u00f3zsef Evang\u00e9likus \u00d3voda, \u00c1ltal\u00e1nos Iskola \u00e9s Gimn\u00e1zium","og_description":"A Hat\u00e1rtalanul! p\u00e1ly\u00e1zat keret\u00e9ben az Orosh\u00e1zi Sz\u00e9k\u00e1cs J\u00f3zsef Evang\u00e9likus \u00d3voda, \u00c1ltal\u00e1nos Iskola \u00e9s Gimn\u00e1zium 53 tanul\u00f3ja vett r\u00e9szt m\u00e1jus v\u00e9g\u00e9n \u00f6tnapos erd\u00e9lyi kir\u00e1ndul\u00e1son. Az \u00fat sor\u00e1n t\u00f6rt\u00e9nelmi nagyjaink eml\u00e9khelyei el\u0151tt eml\u00e9kezt\u00fcnk, \u00e9s t\u00far\u00e1ztunk csod\u00e1latos term\u00e9szeti t\u00e1jakon.","og_url":"https:\/\/szekacs.lutheran.hu\/iskola\/hatartalanul-erdely\/","og_site_name":"Sz\u00e9k\u00e1cs J\u00f3zsef Evang\u00e9likus \u00d3voda, \u00c1ltal\u00e1nos Iskola \u00e9s Gimn\u00e1zium","article_published_time":"2019-05-27T21:51:32+00:00","article_modified_time":"2019-12-17T10:08:41+00:00","og_image":[{"width":800,"height":533,"url":"https:\/\/szekacs.lutheran.hu\/iskola\/wp-content\/uploads\/2019\/12\/20190527_hatartalanul_kirandulas_099.jpg","type":"image\/jpeg"}],"author":"admin","twitter_card":"summary_large_image","twitter_misc":{"Szerz\u0151:":"admin","Becs\u00fclt olvas\u00e1si id\u0151":"6 perc"},"schema":{"@context":"https:\/\/schema.org","@graph":[{"@type":"WebPage","@id":"https:\/\/szekacs.lutheran.hu\/iskola\/hatartalanul-erdely\/","url":"https:\/\/szekacs.lutheran.hu\/iskola\/hatartalanul-erdely\/","name":"Hat\u00e1rtalanul - Erd\u00e9ly - Sz\u00e9k\u00e1cs J\u00f3zsef Evang\u00e9likus \u00d3voda, \u00c1ltal\u00e1nos Iskola \u00e9s Gimn\u00e1zium","isPartOf":{"@id":"https:\/\/szekacs.lutheran.hu\/iskola\/#website"},"primaryImageOfPage":{"@id":"https:\/\/szekacs.lutheran.hu\/iskola\/hatartalanul-erdely\/#primaryimage"},"image":{"@id":"https:\/\/szekacs.lutheran.hu\/iskola\/hatartalanul-erdely\/#primaryimage"},"thumbnailUrl":"https:\/\/szekacs.lutheran.hu\/iskola\/wp-content\/uploads\/2019\/12\/20190527_hatartalanul_kirandulas_099.jpg","datePublished":"2019-05-27T21:51:32+00:00","dateModified":"2019-12-17T10:08:41+00:00","author":{"@id":"https:\/\/szekacs.lutheran.hu\/iskola\/#\/schema\/person\/c2ed2e14631babb098c586494bc7d5df"},"breadcrumb":{"@id":"https:\/\/szekacs.lutheran.hu\/iskola\/hatartalanul-erdely\/#breadcrumb"},"inLanguage":"hu","potentialAction":[{"@type":"ReadAction","target":["https:\/\/szekacs.lutheran.hu\/iskola\/hatartalanul-erdely\/"]}]},{"@type":"ImageObject","inLanguage":"hu","@id":"https:\/\/szekacs.lutheran.hu\/iskola\/hatartalanul-erdely\/#primaryimage","url":"https:\/\/szekacs.lutheran.hu\/iskola\/wp-content\/uploads\/2019\/12\/20190527_hatartalanul_kirandulas_099.jpg","contentUrl":"https:\/\/szekacs.lutheran.hu\/iskola\/wp-content\/uploads\/2019\/12\/20190527_hatartalanul_kirandulas_099.jpg","width":800,"height":533},{"@type":"BreadcrumbList","@id":"https:\/\/szekacs.lutheran.hu\/iskola\/hatartalanul-erdely\/#breadcrumb","itemListElement":[{"@type":"ListItem","position":1,"name":"Home","item":"https:\/\/szekacs.lutheran.hu\/iskola\/"},{"@type":"ListItem","position":2,"name":"Hat\u00e1rtalanul &#8211; Erd\u00e9ly"}]},{"@type":"WebSite","@id":"https:\/\/szekacs.lutheran.hu\/iskola\/#website","url":"https:\/\/szekacs.lutheran.hu\/iskola\/","name":"Sz\u00e9k\u00e1cs J\u00f3zsef Evang\u00e9likus \u00d3voda, \u00c1ltal\u00e1nos Iskola \u00e9s Gimn\u00e1zium","description":"","potentialAction":[{"@type":"SearchAction","target":{"@type":"EntryPoint","urlTemplate":"https:\/\/szekacs.lutheran.hu\/iskola\/?s={search_term_string}"},"query-input":{"@type":"PropertyValueSpecification","valueRequired":true,"valueName":"search_term_string"}}],"inLanguage":"hu"},{"@type":"Person","@id":"https:\/\/szekacs.lutheran.hu\/iskola\/#\/schema\/person\/c2ed2e14631babb098c586494bc7d5df","name":"admin","image":{"@type":"ImageObject","inLanguage":"hu","@id":"https:\/\/szekacs.lutheran.hu\/iskola\/#\/schema\/person\/image\/","url":"https:\/\/secure.gravatar.com\/avatar\/2d9a947cd9a162ca4e5eb73e817e43edd8dcbc6e501b39fb999fb53d65e181f4?s=96&d=mm&r=g","contentUrl":"https:\/\/secure.gravatar.com\/avatar\/2d9a947cd9a162ca4e5eb73e817e43edd8dcbc6e501b39fb999fb53d65e181f4?s=96&d=mm&r=g","caption":"admin"},"url":"https:\/\/szekacs.lutheran.hu\/iskola\/author\/admin\/"}]}},"_links":{"self":[{"href":"https:\/\/szekacs.lutheran.hu\/iskola\/wp-json\/wp\/v2\/posts\/19843","targetHints":{"allow":["GET"]}}],"collection":[{"href":"https:\/\/szekacs.lutheran.hu\/iskola\/wp-json\/wp\/v2\/posts"}],"about":[{"href":"https:\/\/szekacs.lutheran.hu\/iskola\/wp-json\/wp\/v2\/types\/post"}],"author":[{"embeddable":true,"href":"https:\/\/szekacs.lutheran.hu\/iskola\/wp-json\/wp\/v2\/users\/1"}],"replies":[{"embeddable":true,"href":"https:\/\/szekacs.lutheran.hu\/iskola\/wp-json\/wp\/v2\/comments?post=19843"}],"version-history":[{"count":2,"href":"https:\/\/szekacs.lutheran.hu\/iskola\/wp-json\/wp\/v2\/posts\/19843\/revisions"}],"predecessor-version":[{"id":19846,"href":"https:\/\/szekacs.lutheran.hu\/iskola\/wp-json\/wp\/v2\/posts\/19843\/revisions\/19846"}],"wp:featuredmedia":[{"embeddable":true,"href":"https:\/\/szekacs.lutheran.hu\/iskola\/wp-json\/wp\/v2\/media\/19845"}],"wp:attachment":[{"href":"https:\/\/szekacs.lutheran.hu\/iskola\/wp-json\/wp\/v2\/media?parent=19843"}],"wp:term":[{"taxonomy":"category","embeddable":true,"href":"https:\/\/szekacs.lutheran.hu\/iskola\/wp-json\/wp\/v2\/categories?post=19843"},{"taxonomy":"post_tag","embeddable":true,"href":"https:\/\/szekacs.lutheran.hu\/iskola\/wp-json\/wp\/v2\/tags?post=19843"}],"curies":[{"name":"wp","href":"https:\/\/api.w.org\/{rel}","templated":true}]}}